{"id":2536,"date":"2010-01-08T13:42:11","date_gmt":"2010-01-08T12:42:11","guid":{"rendered":"http:\/\/heijbel.wordpress.com\/2010\/01\/08\/kommunicera-med-berattelser"},"modified":"2010-01-08T13:42:11","modified_gmt":"2010-01-08T12:42:11","slug":"kommunicera-med-berattelser","status":"publish","type":"post","link":"https:\/\/storytellers.se\/?p=2536","title":{"rendered":"Kommunicera med ber\u00e4ttelser"},"content":{"rendered":"<p>Du som s\u00f6kt dig till den h\u00e4r webbplatsen har f\u00f6rmodligen redan f\u00f6rst\u00e5tt att det finns kraft i storytelling. Att emotionellt ladda varor och tj\u00e4nster med ber\u00e4ttelser leder till framg\u00e5ng. Det \u00e4r bland annat det som Corporate Storytellers h\u00e5ller p\u00e5 med. S\u00f6ker, sk\u00f6rdar, v\u00e4ljer, f\u00f6rpackar och s\u00e4tter ber\u00e4ttelser i arbete. En stark ber\u00e4ttelse&#8230;<\/p>\n<p><!--more--><br \/>\n&#8230;.har en helt annan kraft och \u00e4r l\u00e4ttare att minnas \u00e4n beskrivande faktainformation om procedurer och processer.<br \/>\nFakta informerar stories ber\u00f6r.<br \/>\nVarf\u00f6r f\u00f6rst\u00e5r d\u00e5 inte alla f\u00f6retag och organisationer att emotionell kommunikation om befolkade h\u00e4ndelser \u00e4r en viktig del i ett framg\u00e5ngskoncept?<br \/>\nAll organisation \u00e4r ju de facto m\u00e4nniskor. M\u00e4nniskor k\u00e4nner och reagerar. \u00c4ven den mest teknikintensiva eller byr\u00e5kratiska organisationen byggs av m\u00e4nniskor f\u00f6r m\u00e4nniskor. Logiska tekniker och paragrafstyrda administrat\u00f6rer har lika mycket k\u00e4nslor som alla andra och \u00e4r lika viktiga i helheten.<br \/>\nBer\u00e4tta om dessa m\u00e4nniskor, deras kunder och intressenter och om meningen med att organisationen finns till.<br \/>\nDetta \u00e4r n\u00e5got en professionell organisationsstoryteller kan hj\u00e4lpa till med. N\u00e4r man ger sig in i storytelling fr\u00e5gar man sig varf\u00f6r man g\u00f6r det, vad man vill \u00e5stadkomma och hur man ska n\u00e5 dit.<br \/>\nT\u00e4nk p\u00e5 att det handlar mer om <em>vad<\/em> du ber\u00e4ttar \u00e4n <em>hur<\/em>. F\u00f6rst kommer inneh\u00e5ll, sen framf\u00f6randeteknik. \u00c4ven den som rodnar, drar sig i \u00f6rat och tappar tr\u00e5den, men har en bra ber\u00e4ttelse att f\u00f6rmedla, kan befolka varum\u00e4rken. D\u00e4rf\u00f6r \u00e4r det viktigt att ber\u00e4ttelsen upplevs som verklig och sann.<br \/>\nSagorna och de p\u00e5hittade scenarierna kan vi sk\u00f6ta p\u00e5 fritiden.<\/p>\n","protected":false},"excerpt":{"rendered":"<p>Du som s\u00f6kt dig till den h\u00e4r webbplatsen har f\u00f6rmodligen redan f\u00f6rst\u00e5tt att det finns kraft i storytelling. Att emotionellt ladda varor och tj\u00e4nster med ber\u00e4ttelser leder till framg\u00e5ng. Det \u00e4r bland annat det som Corporate Storytellers h\u00e5ller p\u00e5 med. S\u00f6ker, sk\u00f6rdar, v\u00e4ljer, f\u00f6rpackar och s\u00e4tter ber\u00e4ttelser i arbete. En stark ber\u00e4ttelse&#8230;<\/p>\n","protected":false},"author":2,"featured_media":0,"comment_status":"open","ping_status":"closed","sticky":false,"template":"","format":"standard","meta":[],"categories":[2],"tags":[],"_links":{"self":[{"href":"https:\/\/storytellers.se\/index.php?rest_route=\/wp\/v2\/posts\/2536"}],"collection":[{"href":"https:\/\/storytellers.se\/index.php?rest_route=\/wp\/v2\/posts"}],"about":[{"href":"https:\/\/storytellers.se\/index.php?rest_route=\/wp\/v2\/types\/post"}],"author":[{"embeddable":true,"href":"https:\/\/storytellers.se\/index.php?rest_route=\/wp\/v2\/users\/2"}],"replies":[{"embeddable":true,"href":"https:\/\/storytellers.se\/index.php?rest_route=%2Fwp%2Fv2%2Fcomments&post=2536"}],"version-history":[{"count":0,"href":"https:\/\/storytellers.se\/index.php?rest_route=\/wp\/v2\/posts\/2536\/revisions"}],"wp:attachment":[{"href":"https:\/\/storytellers.se\/index.php?rest_route=%2Fwp%2Fv2%2Fmedia&parent=2536"}],"wp:term":[{"taxonomy":"category","embeddable":true,"href":"https:\/\/storytellers.se\/index.php?rest_route=%2Fwp%2Fv2%2Fcategories&post=2536"},{"taxonomy":"post_tag","embeddable":true,"href":"https:\/\/storytellers.se\/index.php?rest_route=%2Fwp%2Fv2%2Ftags&post=2536"}],"curies":[{"name":"wp","href":"https:\/\/api.w.org\/{rel}","templated":true}]}}