{"id":2526,"date":"2009-12-16T14:28:41","date_gmt":"2009-12-16T13:28:41","guid":{"rendered":"http:\/\/heijbel.wordpress.com\/2009\/12\/16\/visionsberattelser-kan-regisseras"},"modified":"2009-12-16T14:28:41","modified_gmt":"2009-12-16T13:28:41","slug":"visionsberattelser-kan-regisseras","status":"publish","type":"post","link":"https:\/\/storytellers.se\/?p=2526","title":{"rendered":"Visionsber\u00e4ttelser kan regisseras"},"content":{"rendered":"<p>Det h\u00e4nder n\u00e4r jag kommer ut som <em>storyteller<\/em> att uppdragsgivaren, ofta oreflekterat, talar om storytelling som f\u00f6retagshistoria och f\u00f6retagsminnen. Det \u00e4r inget fel p\u00e5 historia men jag brukar \u00e4nd\u00e5 varna f\u00f6r att man kan g\u00e5 vilse i museet. I Corporate Storytellingsammanhang finns alltid ett <strong>d\u00e5<\/strong>, ett <strong>nu<\/strong> och ett <strong>sen<\/strong>. F\u00f6r ledare, organisationsutvecklare och entrepren\u00f6rer som vill flytta varum\u00e4rken \u00e4r just det kommande, framtiden, av st\u00f6rsta v\u00e4rde. Om detta kan man ber\u00e4tta. D\u00e4rf\u00f6r&#8230;<\/p>\n<p><!--more--><br \/>\n&#8230;\u00e4r det <em><strong>s\u00e5<\/strong><\/em> viktigt att tala om det kommande. Ocks\u00e5 i vision\u00e4ra bilder som t ex tanken att bestiga berget som vi har framf\u00f6r oss, att kl\u00e4ttra till kr\u00f6net f\u00f6r att d\u00e4r f\u00e5 se vyerna p\u00e5 andra sidan. Man kan till och med tala om vad man kommer att f\u00e5 f\u00f6r utsikt d\u00e4r uppe.<br \/>\nAlla m\u00e4nniskor har inte blicken fram\u00e5tv\u00e4nd och alla dr\u00f6mmer inte om den kommande utsikten, men m\u00e5nga g\u00f6r det. Se dem, omge dig med dem och l\u00e5t dig sk\u00f6ljas av deras vision\u00e4ra bilder. D\u00e5 kan steg f\u00f6r steg det blivande bli uppenbart. Ber\u00e4ttelsen kan vara med och bygga framtid.<br \/>\nI storytellingsammanhang kan det vara en god hj\u00e4lp att uppm\u00e4rksamt s\u00f6ka de tidiga tecknen p\u00e5 nya beteenden och nya id\u00e9er. Man kan faktiskt till och med, helt fr\u00e4ckt, regissera sitt beteende s\u00e5 man redan i dag f\u00e5r ber\u00e4ttelser om den framtid som \u00e4nnu inte kommit.<br \/>\nD\u00e5 blir det inte bara ord om en ok\u00e4nd framtid utan det kan bli ett faktiskt exempel, ett experiment kring hur framtiden kan komma att bli.<br \/>\nD\u00e5 st\u00e5r vi p\u00e5 redan uppe p\u00e5 berget och tar ut ett stycke framtid i f\u00f6rskott. Det finns sp\u00e4nnande tekniker f\u00f6r detta som jag g\u00e4rna ber\u00e4ttar om.<\/p>\n","protected":false},"excerpt":{"rendered":"<p>Det h\u00e4nder n\u00e4r jag kommer ut som storyteller att uppdragsgivaren, ofta oreflekterat, talar om storytelling som f\u00f6retagshistoria och f\u00f6retagsminnen. Det \u00e4r inget fel p\u00e5 historia men jag brukar \u00e4nd\u00e5 varna f\u00f6r att man kan g\u00e5 vilse i museet. I Corporate Storytellingsammanhang finns alltid ett d\u00e5, ett nu och ett sen. F\u00f6r ledare, organisationsutvecklare och entrepren\u00f6rer&#8230;<\/p>\n","protected":false},"author":2,"featured_media":0,"comment_status":"open","ping_status":"closed","sticky":false,"template":"","format":"standard","meta":[],"categories":[2],"tags":[],"_links":{"self":[{"href":"https:\/\/storytellers.se\/index.php?rest_route=\/wp\/v2\/posts\/2526"}],"collection":[{"href":"https:\/\/storytellers.se\/index.php?rest_route=\/wp\/v2\/posts"}],"about":[{"href":"https:\/\/storytellers.se\/index.php?rest_route=\/wp\/v2\/types\/post"}],"author":[{"embeddable":true,"href":"https:\/\/storytellers.se\/index.php?rest_route=\/wp\/v2\/users\/2"}],"replies":[{"embeddable":true,"href":"https:\/\/storytellers.se\/index.php?rest_route=%2Fwp%2Fv2%2Fcomments&post=2526"}],"version-history":[{"count":0,"href":"https:\/\/storytellers.se\/index.php?rest_route=\/wp\/v2\/posts\/2526\/revisions"}],"wp:attachment":[{"href":"https:\/\/storytellers.se\/index.php?rest_route=%2Fwp%2Fv2%2Fmedia&parent=2526"}],"wp:term":[{"taxonomy":"category","embeddable":true,"href":"https:\/\/storytellers.se\/index.php?rest_route=%2Fwp%2Fv2%2Fcategories&post=2526"},{"taxonomy":"post_tag","embeddable":true,"href":"https:\/\/storytellers.se\/index.php?rest_route=%2Fwp%2Fv2%2Ftags&post=2526"}],"curies":[{"name":"wp","href":"https:\/\/api.w.org\/{rel}","templated":true}]}}