{"id":2524,"date":"2009-12-15T15:11:46","date_gmt":"2009-12-15T14:11:46","guid":{"rendered":"http:\/\/heijbel.wordpress.com\/2009\/12\/15\/nyhetsbrev-49-miraklet-pa-soder"},"modified":"2009-12-15T15:11:46","modified_gmt":"2009-12-15T14:11:46","slug":"nyhetsbrev-49-miraklet-pa-soder","status":"publish","type":"post","link":"https:\/\/storytellers.se\/?p=2524","title":{"rendered":"Nyhetsbrev 49: Miraklet p\u00e5 S\u00f6der"},"content":{"rendered":"<p>Nu har Nyhetsbrev 49 g\u00e5tt ut till cirka 2.500 prenumeranter. Vill du ocks\u00e5 prenumerera s\u00e5 anm\u00e4l dig h\u00e4r till h\u00f6ger i rutan eller skriv till <a href=\"mailto:matts@storytellers.se\">matts@storytellers.se<\/a> s\u00e5 l\u00e4gger jag in dig.<br \/>\nDet aktuella brevet kan du l\u00e4sa genom att klicka p\u00e5 l\u00e4nken h\u00e4r under:<\/p>\n<p><!--more--><br \/>\n<strong>Nyhetsbrev 49: Miraklet p\u00e5 S\u00f6der<\/strong><br \/>\nHej Storytellerv\u00e4n<br \/>\nNu \u00e4r det dags f\u00f6r \u00e5rets sista nyhetsbrev. Det fyrtionionde nyhetsbrevet fr\u00e5n storytellers.se sen starten. I dag har ocks\u00e5 r\u00e4knaren p\u00e5 storytellers.se passerat 150.000. S\u00e5 det b\u00f6rjar bli lite m\u00e4ngd.<br \/>\nDu f\u00e5r det f\u00f6r att du bett om det eller f\u00f6r att du varit med p\u00e5 n\u00e5got av mina seminarier.<br \/>\n++++++++++++++++++++++++++++++++++++++++++++++++++++++<br \/>\nH\u00e4r f\u00f6rst en f\u00f6rskoleber\u00e4ttelse som \u00e4r n\u00e4ra nog mirakul\u00f6s:<br \/>\nVid Nytorget p\u00e5 S\u00f6der i Stockholm finns ett gammalt hus som \u00e4r fyllt med m\u00e5nga olika verksamheter. Det finns bland annat en f\u00f6rskola, en mottagning f\u00f6r ensamkommande flyktingbarn och ett \u00e4ldreboende.<br \/>\nP\u00e5 f\u00f6rskolan ville personalen s\u00e5 g\u00e4rna att barnen och de gamla skulle kunna f\u00e5 tr\u00e4ffas ibland. Men de gamla l\u00e5g mest i sina s\u00e4ngar eller satt halvsovande i sina rullstolar. De kunde inte komma ut p\u00e5 g\u00e5rden. De var s\u00e5 bortom att de knappt kunde tala och de k\u00e4nde ofta inte ens igen sina anh\u00f6riga.<br \/>\nMen f\u00f6rskoll\u00e4rarna gav sig inte. N\u00e4r det blev Lucia och p\u00e5sk s\u00e5 h\u00e4lsade de p\u00e5 de gamla i husets \u00e4ldreboende. Det var \u00e4nd\u00e5 inte l\u00e4tt att veta om de gamla ens m\u00e4rkte de sm\u00e5 luciorna, pepparkaksgubbarna och p\u00e5skk\u00e4rringarna som var p\u00e5 bes\u00f6k.<br \/>\nDe gamla sa ingenting utan satt stilla och fr\u00e5nvarande i sina stolar.<br \/>\nD\u00e5 t\u00e4nkte f\u00f6rskolan att de skulle ta och \u00f6va in n\u00e5gra av Alice Tegners visor med barnen. Ekorrn satt i granen, Sov du lilla vide ung och Bl\u00e5sippan ute i backarna st\u00e5r. Barnen tr\u00e4nade g\u00e5ng p\u00e5 g\u00e5ng. M\u00e5let var att f\u00e5 g\u00e5 upp till de gamla med sina fr\u00f6knar.<br \/>\nV\u00e4l d\u00e4r st\u00e4llde de sig kring de gamla och sj\u00f6ng med ljusa barnr\u00f6ster s\u00e5ngen om bl\u00e5sippan\u2026<br \/>\nD\u00e5 h\u00e4nde det n\u00e5got m\u00e4rkligt med de gamla. De ryckte liksom till och vred sina huvuden mot barnen. De fuktade sina l\u00e4ppar med tungspetsen och str\u00e4ckte sig sen faktiskt lite m\u00f6dosamt med hj\u00e4lp av armarna.<br \/>\nSen b\u00f6rjade de sjunga med darriga r\u00f6ster tillsammans med barnen.<br \/>\nDet var gamla r\u00f6ster som l\u00e4nge varit tysta som sj\u00f6ng Alice Tegners visor med barnen i ett gammalt hus p\u00e5 S\u00f6der.<br \/>\n++++++++++++++++++++++++++++++++++++++++++++++++++++++<br \/>\nJag fick den n\u00e4r jag hade ett 50-tal f\u00f6rskoll\u00e4rare fr\u00e5n Stockholms Stad \/ S\u00f6der nyligen. H\u00e4rliga proffs som \u00e4r starka ber\u00e4ttare med en repertoar fr\u00e5n sin vardag i f\u00f6rskolan. De har f\u00f6rst\u00e5s m\u00e5nga gulliga ber\u00e4ttelser om och kring barnen men det finns ocks\u00e5 riktiga varum\u00e4rkesbyggare som ber\u00e4ttelsen om Bl\u00e5sippes\u00e5ngen.<br \/>\nJag har ocks\u00e5 tagit upp organisationsber\u00e4ttelser p\u00e5 scenen sen sist. Tillsammans med teatergruppen Teater X hade jag en experimentell kv\u00e4ll p\u00e5 Hotel Hellsten med n\u00e5got som kallas Systemiska N\u00e4tverket.<br \/>\nJag ber\u00e4ttade och stimulerade \u00e5h\u00f6rarna att ber\u00e4tta. Sk\u00e5despelarna i Teater X improviserade fram gestaltningar av ber\u00e4ttelserna. Det var mycket sp\u00e4nnande. Jag \u00e4r sen en tid s\u00e4ker p\u00e5 att det g\u00e5r att korsa Corporate Storytelling med teaterscenen.<br \/>\nOm inte teatern kan ta sig ut till arbetslivet s\u00e5 f\u00e5r arbetslivet komma till teatern med sina ber\u00e4ttelser med manus fr\u00e5n verkligheten.<br \/>\n++++++++++++++++++++++++++++++++++++++++++++++++++++++<br \/>\nJag har tr\u00e4ffat tv\u00e5 stora internationella f\u00f6retag den senaste m\u00e5naden. Jag var hos W\u00e4rtsil\u00e4 i Finland och hos Tidningskompaniet i G\u00f6teborg d\u00e4r de hade samlat ett 25-tal medarbetare fr\u00e5n Volvo. Hos W\u00e4rtsil\u00e4 sk\u00f6rdade vi. Med Volvofolket f\u00f6rde jag diskussioner om storyns roll i f\u00f6retag som Volvo.<br \/>\nJag har ocks\u00e5 varit hos fackf\u00f6rbund och kvinnliga f\u00f6retagare. Jag har till och med f\u00e5tt f\u00f6rfr\u00e5gan om jag kan hj\u00e4lpa politiska partier att s\u00f6ka upp sina ber\u00e4ttelser. Klart jag kan. Det finns mycket att utveckla p\u00e5 den kanten. Jag tycker \u00f6ver lag att svenska politiker har mycket att l\u00e4ra p\u00e5 storytellerfronten.<br \/>\nDe ska helt enkelt s\u00f6ka, finna och sk\u00f6rda ber\u00e4ttelser om verkliga h\u00e4ndelser och magiska \u00f6gonblick. Med hj\u00e4lp av storytelling kan de sen befolka sina v\u00e4rdeord och begripligg\u00f6ra sina v\u00e4rderingar och punkter.<br \/>\nS\u00e4tt en scen, befolka den och l\u00e5t sinnena vara med via ord om doft, ljud, smak och k\u00e4nsel.<br \/>\n++++++++++++++++++++++++++++++++++++++++++++++++++++++<br \/>\nJag har nu best\u00e4llt ett par \u201ddiktaturjeans\u201d som de kallas i en del tidningar. Jag syftar p\u00e5 NoKo-jeansen som best\u00e4llts av tre unga reklamkillar fr\u00e5n Stockholm. Jeansen stoppades i sista stund av Pub som fick kalla f\u00f6tter n\u00e4r LO b\u00f6rjade skramla.<br \/>\nNoKo st\u00e5r f\u00f6r Nordkorea. Reklamillarna har allts\u00e5 tagit sig in i Nordkorea och f\u00e5tt ett avtal med en textilfabrik som tillverkat de f\u00f6rsta drygt 1000 svarta jeansen \u00e5t svenskarna p\u00e5 uppdrag. Hela lanseringen sk\u00f6ter killarna via social webb och ryktesspridning.<br \/>\nF\u00f6r mig \u00e4r detta f\u00f6rst\u00e5s intressant ur ett storytellingperspektiv. Inte en krona p\u00e5 reklam. Bara Twitter, Facebook, bloggar och Word of Mouth \/ Mouse. Ett sp\u00e4nnande kommunikationsexperiment.<br \/>\nJag ska ha jeansen p\u00e5 mig n\u00e4r jag f\u00f6rel\u00e4ser f\u00f6r att f\u00e5 anledning att tala om storytelling i marknadsf\u00f6rings- och s\u00e4ljprocess.<br \/>\n++++++++++++++++++++++++++++++++++++++++++++++++++++++<br \/>\nNu n\u00e4r vi n\u00e4rmar oss jul kommer den kristna ber\u00e4ttelsen om Jesus att smyga sig p\u00e5 oss i kyrkor, media och i hemmens sm\u00e5 krubbmilj\u00f6er. Jag tr\u00e4ffar f\u00f6r \u00f6vrigt sj\u00e4lv en del medarbetare fr\u00e5n Svenska Kyrkan p\u00e5 mina seminarier.<br \/>\nMen n\u00e4r jag kommer handlar det inte om Jesusber\u00e4ttelserna utan om \u201dSvenska-Kyrkan-Folket\u201d. De har en visserligen av de st\u00f6rsta ber\u00e4ttelserna i sin upplevelsetj\u00e4nst, s\u00e5 att s\u00e4ga. Men jag ber\u00e4ttar om m\u00e4nniskorna som g\u00f6r det, folket i den Svenska Kyrkan. Pr\u00e4ster, diakoner, frivilliga, administrat\u00f6rer etc.<br \/>\nJag har f\u00f6r \u00f6vrigt kontakter med pr\u00e4ster som s\u00e4ger sig vara villiga att sl\u00e4ppa in Corporate Storytelling i kyrkorummet. Och visst \u00e4r ber\u00e4ttelsen h\u00e4r ovan om Miraklet p\u00e5 S\u00f6der r\u00e4tt helgonlik. Den skulle passa v\u00e4l i kyrkorummet.<br \/>\n++++++++++++++++++++++++++++++++++++++++++++++++++++++<br \/>\nJag har haft en rad 2-timmar inspirationsf\u00f6rel\u00e4sningar vid Mariatorget under h\u00f6sten. Alla har blivit fullbokade. Nu \u00e4r n\u00e4sta den 15 januari. G\u00e5 in och leta\/scrolla p\u00e5 storytellers.se om du vill anm\u00e4la dig.<br \/>\n++++++++++++++++++++++++++++++++++++++++++++++++++++++<br \/>\nDu \u00e4r en av ca 2500 prenumeranter p\u00e5 nyhetsbrevet fr\u00e5n Storytellers. Om du inte vill ha det l\u00e4ngre s\u00e5 kan du v\u00e4nda det med ett nej tack s\u00e5 tar jag bort dig fr\u00e5n s\u00e4ndlistan.<br \/>\nJag som skriver heter Matts Heijbel och driver storytellerbloggen storytellers.se d\u00e4r jag l\u00f6pande f\u00f6ljer vad som h\u00e4nder p\u00e5 storytellingarenan. Citera g\u00e4rna men ange d\u00e5 k\u00e4llan.<br \/>\nH\u00e4lsningar<br \/>\nMatts Heijbel<br \/>\nStockholm \/ Gr\u00f6dinge<br \/>\n15 december 2009<\/p>\n","protected":false},"excerpt":{"rendered":"<p>Nu har Nyhetsbrev 49 g\u00e5tt ut till cirka 2.500 prenumeranter. Vill du ocks\u00e5 prenumerera s\u00e5 anm\u00e4l dig h\u00e4r till h\u00f6ger i rutan eller skriv till matts@storytellers.se s\u00e5 l\u00e4gger jag in dig. Det aktuella brevet kan du l\u00e4sa genom att klicka p\u00e5 l\u00e4nken h\u00e4r under:<\/p>\n","protected":false},"author":2,"featured_media":0,"comment_status":"open","ping_status":"closed","sticky":false,"template":"","format":"standard","meta":[],"categories":[8],"tags":[],"_links":{"self":[{"href":"https:\/\/storytellers.se\/index.php?rest_route=\/wp\/v2\/posts\/2524"}],"collection":[{"href":"https:\/\/storytellers.se\/index.php?rest_route=\/wp\/v2\/posts"}],"about":[{"href":"https:\/\/storytellers.se\/index.php?rest_route=\/wp\/v2\/types\/post"}],"author":[{"embeddable":true,"href":"https:\/\/storytellers.se\/index.php?rest_route=\/wp\/v2\/users\/2"}],"replies":[{"embeddable":true,"href":"https:\/\/storytellers.se\/index.php?rest_route=%2Fwp%2Fv2%2Fcomments&post=2524"}],"version-history":[{"count":0,"href":"https:\/\/storytellers.se\/index.php?rest_route=\/wp\/v2\/posts\/2524\/revisions"}],"wp:attachment":[{"href":"https:\/\/storytellers.se\/index.php?rest_route=%2Fwp%2Fv2%2Fmedia&parent=2524"}],"wp:term":[{"taxonomy":"category","embeddable":true,"href":"https:\/\/storytellers.se\/index.php?rest_route=%2Fwp%2Fv2%2Fcategories&post=2524"},{"taxonomy":"post_tag","embeddable":true,"href":"https:\/\/storytellers.se\/index.php?rest_route=%2Fwp%2Fv2%2Ftags&post=2524"}],"curies":[{"name":"wp","href":"https:\/\/api.w.org\/{rel}","templated":true}]}}