{"id":2512,"date":"2009-12-09T21:04:09","date_gmt":"2009-12-09T20:04:09","guid":{"rendered":"http:\/\/heijbel.wordpress.com\/2009\/12\/09\/forskolor-i-stockholm-lite-skryt"},"modified":"2009-12-09T21:04:09","modified_gmt":"2009-12-09T20:04:09","slug":"forskolor-i-stockholm-lite-skryt","status":"publish","type":"post","link":"https:\/\/storytellers.se\/?p=2512","title":{"rendered":"F\u00f6rskolor i Stockholm + lite skryt"},"content":{"rendered":"<p>I dag har jag haft en heldag med f\u00f6rskoll\u00e4rarchefer och andra f\u00f6rskoll\u00e4rare i Stockholms Stad S\u00f6dermalm. P\u00e5 f\u00f6rmiddagen samlade och sk\u00f6rdade vi emotionella f\u00f6rskolestories. Eftermiddagen \u00e4gnade vi \u00e5t de journalistiska verktygen. Sammantaget en dag med b\u00e5de emotionell och faktuell kommunikation allts\u00e5.<br \/>\nVill du l\u00e4sa omd\u00f6men fr\u00e5n dagen s\u00e5 klicka p\u00e5 l\u00e4nken h\u00e4r under&#8230;<\/p>\n<p><!--more--><br \/>\nJag \u00e4r ju konsult i storytellingbranschen och d\u00e5 m\u00e5ste jag ibland f\u00e5 visa hur omd\u00f6mena blir. S\u00e5 f\u00f6rl\u00e5t om det verkar skrytigt:<br \/>\n<em>&#8221;V\u00e4rme, humor, gl\u00e4dje. Jag ska f\u00f6ra detta vidare. Hurra f\u00f6r storytelling!&#8221;<br \/>\n&#8221;Inspirerande och verklighetsf\u00f6rankrat. Mycket att ta tillbaka till verksamheten&#8221;<br \/>\n&#8221;Jag har f\u00e5tt verktyg f\u00f6r olika delar av mitt arbete. Jag kan anv\u00e4nda det p\u00e5 hemsidan, i f\u00f6r\u00e4ldram\u00f6ten, med l\u00e4rarstudenter, med barnen. Jag k\u00e4nner mig inspirerad.&#8221;<br \/>\n&#8221;Tack f\u00f6r en k\u00e4nslosam, inspirerande och l\u00e4rorik dag. Vikten att f\u00f6rst\u00e5 det vi framf\u00f6r och att f\u00e5 verktyg till hur vi kan g\u00f6ra&#8221;<br \/>\n&#8221;Storytelling har f\u00e5tt en ny dimension och ett starkt v\u00e4rde som vi ska ha i \u00e5tanke&#8221;<br \/>\n&#8221;Inspirerande och roligt. Kommer att ta med detta till min f\u00f6rskola, till min familj, till mina v\u00e4nner. Storytelling? JA!!&#8221;<br \/>\n&#8221;Inspirerande och l\u00e4rorikt framf\u00f6rt med v\u00e4rme&#8221;<br \/>\n&#8221;V\u00e4ldigt bra, engagerad och professionell f\u00f6rel\u00e4sare som talade om betydelsefulla fakta. K\u00e4nner mig efter dagen inspirerad till att g\u00e5 hem till f\u00f6rskolan och sprida alla id\u00e9er och ny kunskap vidare&#8221;<\/em><\/p>\n","protected":false},"excerpt":{"rendered":"<p>I dag har jag haft en heldag med f\u00f6rskoll\u00e4rarchefer och andra f\u00f6rskoll\u00e4rare i Stockholms Stad S\u00f6dermalm. P\u00e5 f\u00f6rmiddagen samlade och sk\u00f6rdade vi emotionella f\u00f6rskolestories. Eftermiddagen \u00e4gnade vi \u00e5t de journalistiska verktygen. Sammantaget en dag med b\u00e5de emotionell och faktuell kommunikation allts\u00e5. Vill du l\u00e4sa omd\u00f6men fr\u00e5n dagen s\u00e5 klicka p\u00e5 l\u00e4nken h\u00e4r under&#8230;<\/p>\n","protected":false},"author":2,"featured_media":0,"comment_status":"open","ping_status":"closed","sticky":false,"template":"","format":"standard","meta":[],"categories":[2],"tags":[],"_links":{"self":[{"href":"https:\/\/storytellers.se\/index.php?rest_route=\/wp\/v2\/posts\/2512"}],"collection":[{"href":"https:\/\/storytellers.se\/index.php?rest_route=\/wp\/v2\/posts"}],"about":[{"href":"https:\/\/storytellers.se\/index.php?rest_route=\/wp\/v2\/types\/post"}],"author":[{"embeddable":true,"href":"https:\/\/storytellers.se\/index.php?rest_route=\/wp\/v2\/users\/2"}],"replies":[{"embeddable":true,"href":"https:\/\/storytellers.se\/index.php?rest_route=%2Fwp%2Fv2%2Fcomments&post=2512"}],"version-history":[{"count":0,"href":"https:\/\/storytellers.se\/index.php?rest_route=\/wp\/v2\/posts\/2512\/revisions"}],"wp:attachment":[{"href":"https:\/\/storytellers.se\/index.php?rest_route=%2Fwp%2Fv2%2Fmedia&parent=2512"}],"wp:term":[{"taxonomy":"category","embeddable":true,"href":"https:\/\/storytellers.se\/index.php?rest_route=%2Fwp%2Fv2%2Fcategories&post=2512"},{"taxonomy":"post_tag","embeddable":true,"href":"https:\/\/storytellers.se\/index.php?rest_route=%2Fwp%2Fv2%2Ftags&post=2512"}],"curies":[{"name":"wp","href":"https:\/\/api.w.org\/{rel}","templated":true}]}}