{"id":2510,"date":"2009-12-08T18:13:43","date_gmt":"2009-12-08T17:13:43","guid":{"rendered":"http:\/\/heijbel.wordpress.com\/2009\/12\/08\/saco-stories"},"modified":"2009-12-08T18:13:43","modified_gmt":"2009-12-08T17:13:43","slug":"saco-stories","status":"publish","type":"post","link":"https:\/\/storytellers.se\/?p=2510","title":{"rendered":"Saco-stories"},"content":{"rendered":"<p>I dag h\u00f6ll jag storytellingseminarium hos <strong>Saco<\/strong>. Centrala Saco-kommunikat\u00f6rer, studenthandl\u00e4ggare och kommunikat\u00f6rer fr\u00e5n en handfull av medlemsf\u00f6rbunden var p\u00e5 plats. Vi tr\u00e4ffades i Gamla Stan och jag talade om den id\u00e9burna organisationens behov av ber\u00e4ttelser och gav exempel fr\u00e5n bland annat NGO:s, kommuner, f\u00f6retag och andra f\u00f6rbund i den fackliga v\u00e4rlden. N\u00e4r det \u00e4r l\u00e5gkonjuktur p\u00e5 arbetsmarknaden \u00e4r det drag hos Saco.<br \/>\nPrecis som alla andra beh\u00f6ver nog Saco refleketera \u00f6ver vilka ber\u00e4ttelser de beh\u00f6ver ut\u00e5t och in\u00e5t i v\u00e5r tid. Jag tror att m\u00e5nga nu, tio \u00e5r in i 2000-talet, och mitt i den brusande i sociala webben borde fundera \u00f6ver sina repertoarer av ber\u00e4ttelser.<\/p>\n","protected":false},"excerpt":{"rendered":"<p>I dag h\u00f6ll jag storytellingseminarium hos Saco. Centrala Saco-kommunikat\u00f6rer, studenthandl\u00e4ggare och kommunikat\u00f6rer fr\u00e5n en handfull av medlemsf\u00f6rbunden var p\u00e5 plats. Vi tr\u00e4ffades i Gamla Stan och jag talade om den id\u00e9burna organisationens behov av ber\u00e4ttelser och gav exempel fr\u00e5n bland annat NGO:s, kommuner, f\u00f6retag och andra f\u00f6rbund i den fackliga v\u00e4rlden. N\u00e4r det \u00e4r l\u00e5gkonjuktur&#8230;<\/p>\n","protected":false},"author":2,"featured_media":0,"comment_status":"open","ping_status":"closed","sticky":false,"template":"","format":"standard","meta":[],"categories":[2],"tags":[],"_links":{"self":[{"href":"https:\/\/storytellers.se\/index.php?rest_route=\/wp\/v2\/posts\/2510"}],"collection":[{"href":"https:\/\/storytellers.se\/index.php?rest_route=\/wp\/v2\/posts"}],"about":[{"href":"https:\/\/storytellers.se\/index.php?rest_route=\/wp\/v2\/types\/post"}],"author":[{"embeddable":true,"href":"https:\/\/storytellers.se\/index.php?rest_route=\/wp\/v2\/users\/2"}],"replies":[{"embeddable":true,"href":"https:\/\/storytellers.se\/index.php?rest_route=%2Fwp%2Fv2%2Fcomments&post=2510"}],"version-history":[{"count":0,"href":"https:\/\/storytellers.se\/index.php?rest_route=\/wp\/v2\/posts\/2510\/revisions"}],"wp:attachment":[{"href":"https:\/\/storytellers.se\/index.php?rest_route=%2Fwp%2Fv2%2Fmedia&parent=2510"}],"wp:term":[{"taxonomy":"category","embeddable":true,"href":"https:\/\/storytellers.se\/index.php?rest_route=%2Fwp%2Fv2%2Fcategories&post=2510"},{"taxonomy":"post_tag","embeddable":true,"href":"https:\/\/storytellers.se\/index.php?rest_route=%2Fwp%2Fv2%2Ftags&post=2510"}],"curies":[{"name":"wp","href":"https:\/\/api.w.org\/{rel}","templated":true}]}}