{"id":2508,"date":"2009-12-06T12:50:18","date_gmt":"2009-12-06T11:50:18","guid":{"rendered":"http:\/\/heijbel.wordpress.com\/2009\/12\/06\/jeanslansering-med-storytelling"},"modified":"2009-12-06T12:50:18","modified_gmt":"2009-12-06T11:50:18","slug":"jeanslansering-med-storytelling","status":"publish","type":"post","link":"https:\/\/storytellers.se\/?p=2508","title":{"rendered":"Jeanslansering med storytelling"},"content":{"rendered":"<p>Sommaren 2008 blev jag intervjuad i <a href=\"http:\/\/www.sr.se\/webbradio\/webbradio.asp?type=db&amp;Id=1248306&amp;BroadcastDate=&amp;IsBlock=\"><strong><em>Sveriges Radio P1<\/em><\/strong><\/a> aprop\u00e5 Iphonelanseringen och hur Apple anv\u00e4nde sig av storytellingmetoder vid introduktionen. D\u00e5 fr\u00e5gade journalisten vad jag hade f\u00f6r kommentar till de unga reklamarna som d\u00e5 skulle b\u00f6rja tillverka jeans i Nordkorea med ett storykoncept som lanseringsmetod. Jag k\u00e4nde inte till det jeansprojektet n\u00e4r jag fick fr\u00e5gan men nu \u00e4r jeansen h\u00e4r. Noko-jeansen (<strong>NO<\/strong>rd<strong>KO<\/strong>rea) \u00e4r h\u00e4r. Med hj\u00e4lp av sociala medier som&#8230;<\/p>\n<p><!--more--><br \/>\n&#8230;<a href=\"http:\/\/www.facebook.com\/nokojeans\"><strong><em>Facebook<\/em><\/strong><\/a> och Twitter sprids ber\u00e4ttelsen om<strong> Jakob Ohlsson, Tor Rauden K\u00e4llstigen<\/strong> och <strong>Jacob \u00c5str\u00f6m<\/strong> fr\u00e5n reklambyr\u00e5n <em>Great Works <\/em>som lyckades ta sig in i Nordkorea och f\u00e5 g\u00e5ng en tillverkning av jeansen.<br \/>\nMan hoppas att politiskt intresserade ungdomar vill l\u00e4gga 1500 kronor p\u00e5 ett par Nordkoreanska jeans tack vare storyn. K\u00e4rnan i storyn vill vara hur sv\u00e5rt det \u00e4r att g\u00f6ra aff\u00e4rer i Nordkorea.<br \/>\nJag vet inte, men jag tror inte att Noko-jeansen kommer att marknadsf\u00f6ras utanf\u00f6r de sociala medierna och den aktiva mediabearbetning som leder till en intensiv <em>Word of Mouth<\/em> och <a href=\"http:\/\/www.storytellers.se\/txt\/2009\/11\/word_of_mouse.html#comments\"><strong><em>Word of Mouse<\/em><\/strong><\/a>.<br \/>\nNu visar det sig att LO protesterar och att Pub-varuhuset inte v\u00e5gade s\u00e4lja diktaturjeans n\u00e4r det blev dags. Kanske r\u00e4dda f\u00f6r att LO ska rekommendera sina medlemmar att inte handla p\u00e5 Pub som s\u00e4ljer diktaturjeans. Jag undrar om NoKo-g\u00e4nget tycker att det \u00e4r ok ur ett storytellerperspektiv.<br \/>\nHela produktionsprocessen i Nordkorea \u00e4r f\u00f6r \u00f6vrigt filmdokumenterad. En kul och sp\u00e4nnande <a href=\"http:\/\/nokojeans.com\/the-jeans\/\"><strong><em>storytellinglansering<\/em><\/strong><\/a>.<\/p>\n","protected":false},"excerpt":{"rendered":"<p>Sommaren 2008 blev jag intervjuad i Sveriges Radio P1 aprop\u00e5 Iphonelanseringen och hur Apple anv\u00e4nde sig av storytellingmetoder vid introduktionen. D\u00e5 fr\u00e5gade journalisten vad jag hade f\u00f6r kommentar till de unga reklamarna som d\u00e5 skulle b\u00f6rja tillverka jeans i Nordkorea med ett storykoncept som lanseringsmetod. Jag k\u00e4nde inte till det jeansprojektet n\u00e4r jag fick fr\u00e5gan&#8230;<\/p>\n","protected":false},"author":2,"featured_media":0,"comment_status":"open","ping_status":"closed","sticky":false,"template":"","format":"standard","meta":[],"categories":[2],"tags":[],"_links":{"self":[{"href":"https:\/\/storytellers.se\/index.php?rest_route=\/wp\/v2\/posts\/2508"}],"collection":[{"href":"https:\/\/storytellers.se\/index.php?rest_route=\/wp\/v2\/posts"}],"about":[{"href":"https:\/\/storytellers.se\/index.php?rest_route=\/wp\/v2\/types\/post"}],"author":[{"embeddable":true,"href":"https:\/\/storytellers.se\/index.php?rest_route=\/wp\/v2\/users\/2"}],"replies":[{"embeddable":true,"href":"https:\/\/storytellers.se\/index.php?rest_route=%2Fwp%2Fv2%2Fcomments&post=2508"}],"version-history":[{"count":0,"href":"https:\/\/storytellers.se\/index.php?rest_route=\/wp\/v2\/posts\/2508\/revisions"}],"wp:attachment":[{"href":"https:\/\/storytellers.se\/index.php?rest_route=%2Fwp%2Fv2%2Fmedia&parent=2508"}],"wp:term":[{"taxonomy":"category","embeddable":true,"href":"https:\/\/storytellers.se\/index.php?rest_route=%2Fwp%2Fv2%2Fcategories&post=2508"},{"taxonomy":"post_tag","embeddable":true,"href":"https:\/\/storytellers.se\/index.php?rest_route=%2Fwp%2Fv2%2Ftags&post=2508"}],"curies":[{"name":"wp","href":"https:\/\/api.w.org\/{rel}","templated":true}]}}