{"id":2506,"date":"2009-12-04T14:19:02","date_gmt":"2009-12-04T13:19:02","guid":{"rendered":"http:\/\/heijbel.wordpress.com\/2009\/12\/04\/reflektera-over-varfor-du-berattar"},"modified":"2009-12-04T14:19:02","modified_gmt":"2009-12-04T13:19:02","slug":"reflektera-over-varfor-du-berattar","status":"publish","type":"post","link":"https:\/\/storytellers.se\/?p=2506","title":{"rendered":"Reflektera \u00f6ver varf\u00f6r du ber\u00e4ttar"},"content":{"rendered":"<p>N\u00e4r du ber\u00e4ttar en story s\u00e5 ska den ge lyssnaren\/l\u00e4saren en upplevelse. Det \u00e4r viktigt att du vet varf\u00f6r du ber\u00e4ttar. En medveten storylistener\/storyteller har alltid reflekterat \u00f6ver varf\u00f6r han\/hon anv\u00e4nder just den eller den ber\u00e4ttelsen och vet vilken upplevelse den kan komma att ge. T\u00e4nk p\u00e5 att&#8230;<\/p>\n<p><!--more--><br \/>\n&#8230;vara \u00e4kta i dina k\u00e4nslor. Tala ur hj\u00e4rtat och om du tycker ber\u00e4ttelsen \u00e4r sk\u00f6n och att den ber\u00f6r s\u00e5 kan du faktiskt s\u00e4ga: <em>\u00c4r det inte fantastiskt..<\/em>.<br \/>\nGillar du inte storyn s\u00e5 anv\u00e4nd den inte. K\u00e4nslorna i emotionell kommunikation kan inte kan fejkas. Falska emotioner fungerar helt enkelt inte utan blir bara l\u00f6jliga.<br \/>\nH\u00e5ll dig kort. Tr\u00e4na g\u00e4rna f\u00f6r dig sj\u00e4lv ute p\u00e5 promenad eller framf\u00f6r spegeln eller en videokamera. T\u00e4nk dig d\u00e5 att n\u00e5gon lyssnar, pl\u00e4dera g\u00e4rna f\u00f6r att \u00f6vertyga om det du sj\u00e4lv k\u00e4nner f\u00f6r och tror p\u00e5.<br \/>\nN\u00e4r du sen har publik och ser att n\u00e5gon blir ber\u00f6rd s\u00e5 nicka g\u00e4rna eller s\u00e4g till exempel igen: <em>\u00c4r det inte fantastiskt<\/em>, eller n\u00e5got annat som k\u00e4nns naturligt f\u00f6r att ge lite eftertryck. Kanske kan du utbrista: <em>Och detta \u00e4r sant&#8230;<\/em> om du nu vet det.<br \/>\nBer\u00e4ttelser, v\u00e4l valda och med tydliga dramaturgiska po\u00e4nger, kan vara v\u00e4ldigt kraftfulla ledningsverktyg. Och med tydliga bilder kan du g\u00f6ra lyssnarna till traditionsb\u00e4rare av din ber\u00e4ttelse.<\/p>\n","protected":false},"excerpt":{"rendered":"<p>N\u00e4r du ber\u00e4ttar en story s\u00e5 ska den ge lyssnaren\/l\u00e4saren en upplevelse. Det \u00e4r viktigt att du vet varf\u00f6r du ber\u00e4ttar. En medveten storylistener\/storyteller har alltid reflekterat \u00f6ver varf\u00f6r han\/hon anv\u00e4nder just den eller den ber\u00e4ttelsen och vet vilken upplevelse den kan komma att ge. T\u00e4nk p\u00e5 att&#8230;<\/p>\n","protected":false},"author":2,"featured_media":0,"comment_status":"open","ping_status":"closed","sticky":false,"template":"","format":"standard","meta":[],"categories":[2],"tags":[],"_links":{"self":[{"href":"https:\/\/storytellers.se\/index.php?rest_route=\/wp\/v2\/posts\/2506"}],"collection":[{"href":"https:\/\/storytellers.se\/index.php?rest_route=\/wp\/v2\/posts"}],"about":[{"href":"https:\/\/storytellers.se\/index.php?rest_route=\/wp\/v2\/types\/post"}],"author":[{"embeddable":true,"href":"https:\/\/storytellers.se\/index.php?rest_route=\/wp\/v2\/users\/2"}],"replies":[{"embeddable":true,"href":"https:\/\/storytellers.se\/index.php?rest_route=%2Fwp%2Fv2%2Fcomments&post=2506"}],"version-history":[{"count":0,"href":"https:\/\/storytellers.se\/index.php?rest_route=\/wp\/v2\/posts\/2506\/revisions"}],"wp:attachment":[{"href":"https:\/\/storytellers.se\/index.php?rest_route=%2Fwp%2Fv2%2Fmedia&parent=2506"}],"wp:term":[{"taxonomy":"category","embeddable":true,"href":"https:\/\/storytellers.se\/index.php?rest_route=%2Fwp%2Fv2%2Fcategories&post=2506"},{"taxonomy":"post_tag","embeddable":true,"href":"https:\/\/storytellers.se\/index.php?rest_route=%2Fwp%2Fv2%2Ftags&post=2506"}],"curies":[{"name":"wp","href":"https:\/\/api.w.org\/{rel}","templated":true}]}}