{"id":2502,"date":"2009-12-02T11:19:21","date_gmt":"2009-12-02T10:19:21","guid":{"rendered":"http:\/\/heijbel.wordpress.com\/2009\/12\/02\/sa-bygger-du-upplevelse"},"modified":"2009-12-02T11:19:21","modified_gmt":"2009-12-02T10:19:21","slug":"sa-bygger-du-upplevelse","status":"publish","type":"post","link":"https:\/\/storytellers.se\/?p=2502","title":{"rendered":"S\u00e5 bygger du upplevelse"},"content":{"rendered":"<p>L\u00e5t oss s\u00e4ga att du talar till en grupp och att du vill ge lyssnarna en upplevelse som inte bara \u00e4r ett enkelt r\u00f6stljud utan som involverar andra sinnen n\u00e4r orden v\u00e4ljs.<br \/>\n<em>Lukt, ljud, syn, smak<\/em> och <em>k\u00e4nsel<\/em> brukar man kalla de fem sinnena. Du beh\u00f6ver som ber\u00e4ttare inte ha doften med dig in i rummet i en burk eller sk\u00e5l men du kan tala om den. Du kan ocks\u00e5 beskriva ett ljud som du upplevt och smaken av det du n\u00e5gon g\u00e5ng, liksom de andra i rummet, har \u00e4tit. Har du r\u00f6rt vid n\u00e5got eller n\u00e5gon s\u00e5 kan du beskriva k\u00e4nslan p\u00e5 ett s\u00e4tt som du tror lyssnarna tar till sig.<br \/>\nSj\u00e4lv brukar jag ibland till och med (varsamt) snudda vid det s\u00e5 kallade <em>sj\u00e4tte sinnet<\/em> f\u00f6r att&#8230;<\/p>\n<p><!--more--><br \/>\n&#8230;ladda in en extra k\u00e4nsla till ber\u00e4ttelsen jag f\u00f6rs\u00f6ker sprida.<br \/>\nDet sn\u00f6ar allts\u00e5 inte bara utan sn\u00f6n sl\u00e5r mot din varma panna och sm\u00e5 droppar av sm\u00e4lt sn\u00f6 rinner ned mot \u00f6gonbrynen medan du k\u00e4nner en svag doft av br\u00e4nd bj\u00f6rkved fr\u00e5n skorstenen&#8230;etc<br \/>\n<em>eller<\/em><br \/>\nDu str\u00e4cker p\u00e5 stort\u00e5rna eftersom du fryser i dina alldeles f\u00f6r kalla skor.<br \/>\n<em>eller<\/em><br \/>\nDu sitter p\u00e5 parksoffan och h\u00f6r det tunga sjungande ljudet av t\u00e5get som passerar n\u00e5gon kilometer bort.<br \/>\n<em>eller<\/em><br \/>\nKass\u00f6rskans snabba fingrar dansar v\u00e4lbekant \u00f6ver kassans knappsats likt pianistens lek \u00f6ver tangenterna.<br \/>\n<em>eller<\/em><br \/>\nTelefonen bryter rummets tystnad och du str\u00e4cker tveksamt handen mot luren&#8230;<\/p>\n","protected":false},"excerpt":{"rendered":"<p>L\u00e5t oss s\u00e4ga att du talar till en grupp och att du vill ge lyssnarna en upplevelse som inte bara \u00e4r ett enkelt r\u00f6stljud utan som involverar andra sinnen n\u00e4r orden v\u00e4ljs. Lukt, ljud, syn, smak och k\u00e4nsel brukar man kalla de fem sinnena. Du beh\u00f6ver som ber\u00e4ttare inte ha doften med dig in i&#8230;<\/p>\n","protected":false},"author":2,"featured_media":0,"comment_status":"open","ping_status":"closed","sticky":false,"template":"","format":"standard","meta":[],"categories":[2],"tags":[],"_links":{"self":[{"href":"https:\/\/storytellers.se\/index.php?rest_route=\/wp\/v2\/posts\/2502"}],"collection":[{"href":"https:\/\/storytellers.se\/index.php?rest_route=\/wp\/v2\/posts"}],"about":[{"href":"https:\/\/storytellers.se\/index.php?rest_route=\/wp\/v2\/types\/post"}],"author":[{"embeddable":true,"href":"https:\/\/storytellers.se\/index.php?rest_route=\/wp\/v2\/users\/2"}],"replies":[{"embeddable":true,"href":"https:\/\/storytellers.se\/index.php?rest_route=%2Fwp%2Fv2%2Fcomments&post=2502"}],"version-history":[{"count":0,"href":"https:\/\/storytellers.se\/index.php?rest_route=\/wp\/v2\/posts\/2502\/revisions"}],"wp:attachment":[{"href":"https:\/\/storytellers.se\/index.php?rest_route=%2Fwp%2Fv2%2Fmedia&parent=2502"}],"wp:term":[{"taxonomy":"category","embeddable":true,"href":"https:\/\/storytellers.se\/index.php?rest_route=%2Fwp%2Fv2%2Fcategories&post=2502"},{"taxonomy":"post_tag","embeddable":true,"href":"https:\/\/storytellers.se\/index.php?rest_route=%2Fwp%2Fv2%2Ftags&post=2502"}],"curies":[{"name":"wp","href":"https:\/\/api.w.org\/{rel}","templated":true}]}}