{"id":2492,"date":"2009-11-27T14:20:38","date_gmt":"2009-11-27T13:20:38","guid":{"rendered":"http:\/\/heijbel.wordpress.com\/2009\/11\/27\/till-bollnas"},"modified":"2009-11-27T14:20:38","modified_gmt":"2009-11-27T13:20:38","slug":"till-bollnas","status":"publish","type":"post","link":"https:\/\/storytellers.se\/?p=2492","title":{"rendered":"Till Bolln\u00e4s"},"content":{"rendered":"<p>Den 1 december ska jag tr\u00e4ffa ett kvinnligt f\u00f6retagarn\u00e4tverk i Bolln\u00e4strakten. Det blir ett seminarium och workshop under rubriken <strong>F\u00f6retagarkvinnor v\u00e4xer internationellt<\/strong>. Syftet \u00e4r att f\u00e5 f\u00f6retagarkvinnor i G\u00e4vleborg att lansera sig internationellt. Det finns faktiskt forskning som p\u00e5st\u00e5r att kvinnor \u00e4r b\u00e5de mer intresserade och mer lagda \u00e5t ber\u00e4ttande \u00e4n m\u00e4n.<br \/>\nJag l\u00e4ste om en bok av&#8230;<\/p>\n<p><!--more--><br \/>\nen <a href=\"http:\/\/www.wonderbranding.com\/\"><strong>Michele Miller<\/strong><\/a> att kvinnor \u00e4r tre g\u00e5nger mer villiga att dela med sig av personligt upplevda ber\u00e4ttelser \u00e4n m\u00e4n.<br \/>\nFr\u00e5ga vilken kvinna som helst hur hon hittade sin h\u00e5rfris\u00f6rska, sin l\u00e4kare eller sitt favoritvin, s\u00e5 h\u00e4vdar Michele Miller att du f\u00e5r svaret att hon fick tipset fr\u00e5n en v\u00e4n. F\u00f6r kvinnor \u00e4r Word of Mouth helt naturligt.<br \/>\nDen som vill p\u00e5verka och ber\u00f6ra f\u00e5r allts\u00e5 fr\u00e5ga sig hur man f\u00e5r kvinnorna att ta till sig ber\u00e4ttelser och bilder. Reklam till m\u00e4n och till kvinnor kanske ibland l\u00f6per olika v\u00e4gar och att involvera kunden i sj\u00e4lva snacket kanske \u00e4r l\u00e4ttare n\u00e4r det handlar om kvinnor \u00e4n om m\u00e4n.<br \/>\nJag antar att detsamma f\u00f6rmodligen g\u00e4ller ocks\u00e5 n\u00e4r det \u00e4r organisationsber\u00e4ttelser eller ber\u00e4ttelser som vill st\u00e4rka en f\u00f6retagskultur eller underl\u00e4tta rekrytering.<br \/>\nEnligt Miller har kvinnans hj\u00e4rna fyra g\u00e5nger s\u00e5 m\u00e5nga kontakter mellan v\u00e4nster och h\u00f6ger hj\u00e4rnhalva vilket ger b\u00e4ttre f\u00f6ruts\u00e4ttningar f\u00f6r kontakter med andra m\u00e4nniskor.<\/p>\n","protected":false},"excerpt":{"rendered":"<p>Den 1 december ska jag tr\u00e4ffa ett kvinnligt f\u00f6retagarn\u00e4tverk i Bolln\u00e4strakten. Det blir ett seminarium och workshop under rubriken F\u00f6retagarkvinnor v\u00e4xer internationellt. Syftet \u00e4r att f\u00e5 f\u00f6retagarkvinnor i G\u00e4vleborg att lansera sig internationellt. Det finns faktiskt forskning som p\u00e5st\u00e5r att kvinnor \u00e4r b\u00e5de mer intresserade och mer lagda \u00e5t ber\u00e4ttande \u00e4n m\u00e4n. Jag l\u00e4ste om&#8230;<\/p>\n","protected":false},"author":2,"featured_media":0,"comment_status":"open","ping_status":"closed","sticky":false,"template":"","format":"standard","meta":[],"categories":[9],"tags":[],"_links":{"self":[{"href":"https:\/\/storytellers.se\/index.php?rest_route=\/wp\/v2\/posts\/2492"}],"collection":[{"href":"https:\/\/storytellers.se\/index.php?rest_route=\/wp\/v2\/posts"}],"about":[{"href":"https:\/\/storytellers.se\/index.php?rest_route=\/wp\/v2\/types\/post"}],"author":[{"embeddable":true,"href":"https:\/\/storytellers.se\/index.php?rest_route=\/wp\/v2\/users\/2"}],"replies":[{"embeddable":true,"href":"https:\/\/storytellers.se\/index.php?rest_route=%2Fwp%2Fv2%2Fcomments&post=2492"}],"version-history":[{"count":0,"href":"https:\/\/storytellers.se\/index.php?rest_route=\/wp\/v2\/posts\/2492\/revisions"}],"wp:attachment":[{"href":"https:\/\/storytellers.se\/index.php?rest_route=%2Fwp%2Fv2%2Fmedia&parent=2492"}],"wp:term":[{"taxonomy":"category","embeddable":true,"href":"https:\/\/storytellers.se\/index.php?rest_route=%2Fwp%2Fv2%2Fcategories&post=2492"},{"taxonomy":"post_tag","embeddable":true,"href":"https:\/\/storytellers.se\/index.php?rest_route=%2Fwp%2Fv2%2Ftags&post=2492"}],"curies":[{"name":"wp","href":"https:\/\/api.w.org\/{rel}","templated":true}]}}