{"id":2486,"date":"2009-11-24T12:25:45","date_gmt":"2009-11-24T11:25:45","guid":{"rendered":"http:\/\/heijbel.wordpress.com\/2009\/11\/24\/sista-frukosten-blir-den-15-december"},"modified":"2009-11-24T12:25:45","modified_gmt":"2009-11-24T11:25:45","slug":"sista-frukosten-blir-den-15-december","status":"publish","type":"post","link":"https:\/\/storytellers.se\/?p=2486","title":{"rendered":"Sista frukosten blir den 15 december"},"content":{"rendered":"<p>I dag har jag haft den <em>n\u00e4st sista<\/em> inspirationsfrukosten f\u00f6r i \u00e5r. Den allra sista f\u00f6r i \u00e5r, blir den <strong><em>15 december kl 08.30<\/em><\/strong> p\u00e5 <em>Hornsgatan vid Mariatorget i Stockholm<\/em>. Vi inleder med att jag h\u00e5ller inspirationsf\u00f6rel\u00e4sning och g\u00e5r sen varvet runt med de 12-15 deltagarnas tankar kring ber\u00e4ttande och storytelling.<br \/>\nJag debiterar 500 sek + moms f\u00f6r 2 tim. Vill du vara med s\u00e5 skriv till mig p\u00e5 <a href=\"mailto:matts@storytellers.se\">matts@storytellers.se<\/a><br \/>\nI dag deltog bland annat bank- och finansm\u00e4nniskor, it-konsulter, n\u00e5gra pr\u00e4ster fr\u00e5n Svenska Kyrkan samt informat\u00f6rer, marknadsm\u00e4nniskor och skribenter.<\/p>\n","protected":false},"excerpt":{"rendered":"<p>I dag har jag haft den n\u00e4st sista inspirationsfrukosten f\u00f6r i \u00e5r. Den allra sista f\u00f6r i \u00e5r, blir den 15 december kl 08.30 p\u00e5 Hornsgatan vid Mariatorget i Stockholm. Vi inleder med att jag h\u00e5ller inspirationsf\u00f6rel\u00e4sning och g\u00e5r sen varvet runt med de 12-15 deltagarnas tankar kring ber\u00e4ttande och storytelling. Jag debiterar 500 sek&#8230;<\/p>\n","protected":false},"author":2,"featured_media":0,"comment_status":"open","ping_status":"closed","sticky":false,"template":"","format":"standard","meta":[],"categories":[2],"tags":[],"_links":{"self":[{"href":"https:\/\/storytellers.se\/index.php?rest_route=\/wp\/v2\/posts\/2486"}],"collection":[{"href":"https:\/\/storytellers.se\/index.php?rest_route=\/wp\/v2\/posts"}],"about":[{"href":"https:\/\/storytellers.se\/index.php?rest_route=\/wp\/v2\/types\/post"}],"author":[{"embeddable":true,"href":"https:\/\/storytellers.se\/index.php?rest_route=\/wp\/v2\/users\/2"}],"replies":[{"embeddable":true,"href":"https:\/\/storytellers.se\/index.php?rest_route=%2Fwp%2Fv2%2Fcomments&post=2486"}],"version-history":[{"count":0,"href":"https:\/\/storytellers.se\/index.php?rest_route=\/wp\/v2\/posts\/2486\/revisions"}],"wp:attachment":[{"href":"https:\/\/storytellers.se\/index.php?rest_route=%2Fwp%2Fv2%2Fmedia&parent=2486"}],"wp:term":[{"taxonomy":"category","embeddable":true,"href":"https:\/\/storytellers.se\/index.php?rest_route=%2Fwp%2Fv2%2Fcategories&post=2486"},{"taxonomy":"post_tag","embeddable":true,"href":"https:\/\/storytellers.se\/index.php?rest_route=%2Fwp%2Fv2%2Ftags&post=2486"}],"curies":[{"name":"wp","href":"https:\/\/api.w.org\/{rel}","templated":true}]}}