{"id":2484,"date":"2009-11-23T10:56:23","date_gmt":"2009-11-23T09:56:23","guid":{"rendered":"http:\/\/heijbel.wordpress.com\/2009\/11\/23\/bygg-en-storyrepertoar"},"modified":"2009-11-23T10:56:23","modified_gmt":"2009-11-23T09:56:23","slug":"bygg-en-storyrepertoar","status":"publish","type":"post","link":"https:\/\/storytellers.se\/?p=2484","title":{"rendered":"Bygg en storyrepertoar"},"content":{"rendered":"<p>N\u00e4r jag s\u00f6ker och sk\u00f6rdar ber\u00e4ttelser inleder jag alltid med en inspirationsf\u00f6rel\u00e4sning med m\u00e5nga exempel p\u00e5 storytelling i och om organisationer. Jag vill ge deltagarna en upplevelse. Sedan l\u00e5ter jag deltagarna i grupper ber\u00e4tta om <em>erfarenheter och h\u00e4ndelser<\/em> som de k\u00e4nner till eller har varit med om sj\u00e4lva. Det \u00e4r viktigt att inte hamna f\u00f6r mycket i \u00e5sikter kopplade till h\u00e4ndelsen utan att i st\u00e4llet leta efter h\u00e4ndelser som kan betraktas fr\u00e5n flera olika perspektiv beroende p\u00e5 var man befinner sig. N\u00e4r grupperna har ber\u00e4ttat om h\u00e4ndelser som de tycker har&#8230;<\/p>\n<p><!--more--><br \/>\n&#8230;med organisationen, kunderna eller varorna \/ tj\u00e4nsterna att g\u00f6ra s\u00e5 \u00e5tersamlas vi i sk\u00f6rdefesten. D\u00e5 ska grupperna ha med sig ber\u00e4ttelser som de tillsammans har valt att ber\u00e4tta f\u00f6r den samlade gruppen.<br \/>\nVi f\u00e5r en bruttolista som vi kan v\u00e4lja ur n\u00e4r vi vill bygga en repertoar. En del \u00e4r rent guld men ber\u00e4ttelserna <em>sammantagna<\/em> bygger och befolkar varum\u00e4rke b\u00e5de p\u00e5 insidan och utsidan. Den <em>enskilda<\/em> ber\u00e4ttelsen kan vara v\u00e4ldigt liten, kanske handlar den bara om en sekund eller en replik.<br \/>\nJag brukar ofta f\u00f6rs\u00f6ka skala ned ber\u00e4ttelsen till just ett magiskt \u00f6gonblick eller en tydlig bild. Resten l\u00e4gger n\u00e4mligen lyssnaren \/ l\u00e4saren till sj\u00e4lv. Jag r\u00e5der alltid ber\u00e4ttaren att ta bort s\u00e5 mycket som m\u00f6jligt av siffror, namn och artigheter. Fakta minskar n\u00e4mligen spridningen av ber\u00e4ttelsen eftersom man blir <em>r\u00e4dd att s\u00e4ga fel<\/em>.<br \/>\nEmotionell kommunikation siktar p\u00e5 att ber\u00f6ra. En storymedveten organisation bygger allts\u00e5 en repertoar av just s\u00e5dana ber\u00e4ttelser.<\/p>\n","protected":false},"excerpt":{"rendered":"<p>N\u00e4r jag s\u00f6ker och sk\u00f6rdar ber\u00e4ttelser inleder jag alltid med en inspirationsf\u00f6rel\u00e4sning med m\u00e5nga exempel p\u00e5 storytelling i och om organisationer. Jag vill ge deltagarna en upplevelse. Sedan l\u00e5ter jag deltagarna i grupper ber\u00e4tta om erfarenheter och h\u00e4ndelser som de k\u00e4nner till eller har varit med om sj\u00e4lva. Det \u00e4r viktigt att inte hamna f\u00f6r&#8230;<\/p>\n","protected":false},"author":2,"featured_media":0,"comment_status":"open","ping_status":"closed","sticky":false,"template":"","format":"standard","meta":[],"categories":[2],"tags":[],"_links":{"self":[{"href":"https:\/\/storytellers.se\/index.php?rest_route=\/wp\/v2\/posts\/2484"}],"collection":[{"href":"https:\/\/storytellers.se\/index.php?rest_route=\/wp\/v2\/posts"}],"about":[{"href":"https:\/\/storytellers.se\/index.php?rest_route=\/wp\/v2\/types\/post"}],"author":[{"embeddable":true,"href":"https:\/\/storytellers.se\/index.php?rest_route=\/wp\/v2\/users\/2"}],"replies":[{"embeddable":true,"href":"https:\/\/storytellers.se\/index.php?rest_route=%2Fwp%2Fv2%2Fcomments&post=2484"}],"version-history":[{"count":0,"href":"https:\/\/storytellers.se\/index.php?rest_route=\/wp\/v2\/posts\/2484\/revisions"}],"wp:attachment":[{"href":"https:\/\/storytellers.se\/index.php?rest_route=%2Fwp%2Fv2%2Fmedia&parent=2484"}],"wp:term":[{"taxonomy":"category","embeddable":true,"href":"https:\/\/storytellers.se\/index.php?rest_route=%2Fwp%2Fv2%2Fcategories&post=2484"},{"taxonomy":"post_tag","embeddable":true,"href":"https:\/\/storytellers.se\/index.php?rest_route=%2Fwp%2Fv2%2Ftags&post=2484"}],"curies":[{"name":"wp","href":"https:\/\/api.w.org\/{rel}","templated":true}]}}