{"id":2482,"date":"2009-11-20T12:43:02","date_gmt":"2009-11-20T11:43:02","guid":{"rendered":"http:\/\/heijbel.wordpress.com\/2009\/11\/20\/i-tidningen-personalaktuellt"},"modified":"2009-11-20T12:43:02","modified_gmt":"2009-11-20T11:43:02","slug":"i-tidningen-personalaktuellt","status":"publish","type":"post","link":"https:\/\/storytellers.se\/?p=2482","title":{"rendered":"I Tidningen Personalaktuellt"},"content":{"rendered":"<p>Jag har skrivit en g\u00e4stkr\u00f6nika i novembernumret av <em>Tidningen Personalaktuellt<\/em>. Den finns inte tillg\u00e4nglig i n\u00e4tversion men en liten del av texten kan du l\u00e4sa h\u00e4r:<\/p>\n<p><!--more--><br \/>\n<em>&#8230;.Storytelling i och om organisationer har blivit n\u00e5got av ett mode p\u00e5 senare \u00e5r.<br \/>\nJag som b\u00f6rjade med detta f\u00f6r 10 \u00e5r sedan k\u00e4nde mig i b\u00f6rjan r\u00e4tt ensam i \u00f6knen. Men nu \u00e4r jag st\u00e4ndigt ute och ber\u00e4ttar och hj\u00e4lper till att sk\u00f6rda. Jag k\u00e4nner mig som en mission\u00e4r som arbetar f\u00f6r att sprida ljuset i svenskt arbetsliv.<br \/>\nVad \u00e4r d\u00e5 typiskt f\u00f6r storytelling i f\u00f6retag och organisationer?<br \/>\nMan kan s\u00e4ga att all kommunikation vill upplysa och p\u00e5verka och \u00f6ppna dialoger. Ordet kommunikation betyder: G\u00f6ra gemensam. S\u00e5 det \u00e4r det.<br \/>\nOm vi s\u00e4ger att siffror, pilar, boxar, diagram och annan m\u00e4tbar, logisk och intellektuell kommunikation kan kallas faktuell. S\u00e5 \u00e4r storytellingen en emotionell kommunikationsmetod. Inte b\u00e4ttre inte s\u00e4mre bara olika.<br \/>\nMan vill ber\u00f6ra och d\u00e4rmed ladda in emotionella v\u00e4rden i ett varum\u00e4rke eller en verksamhet. Man hittar inte p\u00e5 sagor eller scenarier utan litar p\u00e5 att verkligheten inte bara duger utan vinner n\u00e4r man befolkar sitt varum\u00e4rke.<br \/>\nJag har hj\u00e4lpt m\u00e5nga, fr\u00e5n minsta f\u00e5mansbolag till st\u00f6rsta internationella koncern. Alla vill de komma i kontakt med de guldkorn som finns i ber\u00e4ttelserna i och om deras organisation&#8230;.<br \/>\n<\/em><\/p>\n","protected":false},"excerpt":{"rendered":"<p>Jag har skrivit en g\u00e4stkr\u00f6nika i novembernumret av Tidningen Personalaktuellt. Den finns inte tillg\u00e4nglig i n\u00e4tversion men en liten del av texten kan du l\u00e4sa h\u00e4r:<\/p>\n","protected":false},"author":2,"featured_media":0,"comment_status":"open","ping_status":"closed","sticky":false,"template":"","format":"standard","meta":[],"categories":[3],"tags":[],"_links":{"self":[{"href":"https:\/\/storytellers.se\/index.php?rest_route=\/wp\/v2\/posts\/2482"}],"collection":[{"href":"https:\/\/storytellers.se\/index.php?rest_route=\/wp\/v2\/posts"}],"about":[{"href":"https:\/\/storytellers.se\/index.php?rest_route=\/wp\/v2\/types\/post"}],"author":[{"embeddable":true,"href":"https:\/\/storytellers.se\/index.php?rest_route=\/wp\/v2\/users\/2"}],"replies":[{"embeddable":true,"href":"https:\/\/storytellers.se\/index.php?rest_route=%2Fwp%2Fv2%2Fcomments&post=2482"}],"version-history":[{"count":0,"href":"https:\/\/storytellers.se\/index.php?rest_route=\/wp\/v2\/posts\/2482\/revisions"}],"wp:attachment":[{"href":"https:\/\/storytellers.se\/index.php?rest_route=%2Fwp%2Fv2%2Fmedia&parent=2482"}],"wp:term":[{"taxonomy":"category","embeddable":true,"href":"https:\/\/storytellers.se\/index.php?rest_route=%2Fwp%2Fv2%2Fcategories&post=2482"},{"taxonomy":"post_tag","embeddable":true,"href":"https:\/\/storytellers.se\/index.php?rest_route=%2Fwp%2Fv2%2Ftags&post=2482"}],"curies":[{"name":"wp","href":"https:\/\/api.w.org\/{rel}","templated":true}]}}