{"id":2480,"date":"2009-11-19T16:10:07","date_gmt":"2009-11-19T15:10:07","guid":{"rendered":"http:\/\/heijbel.wordpress.com\/2009\/11\/19\/parcyklande-aldringar"},"modified":"2009-11-19T16:10:07","modified_gmt":"2009-11-19T15:10:07","slug":"parcyklande-aldringar","status":"publish","type":"post","link":"https:\/\/storytellers.se\/?p=2480","title":{"rendered":"Parcyklande \u00e5ldringar"},"content":{"rendered":"<p>N\u00e4r de gamla l\u00e5ser hemmets d\u00f6rr och flyttar till \u00e4ldreboendet s\u00e5 b\u00f6rjar <em>Tredje \u00e5ldern<\/em>. \u00c4ldreboendet <strong>\u00d6jag\u00e5rden<\/strong> i Pite\u00e5 ser det s\u00e5 och har d\u00e4rf\u00f6r laddat med badkl\u00e4der till de gamla s\u00e5 att \u00d6jag\u00e5rdsfolket kan bada tillsammans i badhuset.<br \/>\nDe har skaffat en parcykel f\u00f6r att kunna cykla tillsammans &#8211; en \u00e5ldring och en personal \u00e5t g\u00e5ngen (<em>tv\u00e5 i bredd p\u00e5 en cykel<\/em>). \u00d6jag\u00e5rdsfolket \u00e4r numera med i motionsloppen p\u00e5 cykel kring Pite\u00e5 och man kan ocks\u00e5 se dem komma farande p\u00e5 korta sommarturer. Bakom det hela ligger ett eldsj\u00e4lsv\u00e5rdbitr\u00e4de och ett par eldsj\u00e4lsundersk\u00f6terskor som stolt har ber\u00e4ttat om allt detta i en uppsats vilket gav dem <em>G\u00f6tapriset<\/em>.<br \/>\nS\u00e5, t\u00e4nk ut n\u00e5got bra. G\u00f6r det s\u00e5 har du n\u00e5got att ber\u00e4tta. Ber\u00e4tta sen s\u00e5 att andra h\u00f6r och tar efter. Storytellingen resulterade i 150.000 kr i prispengar till \u00d6jag\u00e5rdsfolket.<br \/>\nL\u00e4s <a href=\"http:\/\/www.kvalitetsmassan.se\/prod\/sk\/kvalitetsmassan\/dalis2anpassningar.nsf\/vyProjektSok\/71A373CE12713543C12574F70035978A?OpenDocument\"><strong> sj\u00e4lv h\u00e4r<\/strong><\/a>.<\/p>\n","protected":false},"excerpt":{"rendered":"<p>N\u00e4r de gamla l\u00e5ser hemmets d\u00f6rr och flyttar till \u00e4ldreboendet s\u00e5 b\u00f6rjar Tredje \u00e5ldern. \u00c4ldreboendet \u00d6jag\u00e5rden i Pite\u00e5 ser det s\u00e5 och har d\u00e4rf\u00f6r laddat med badkl\u00e4der till de gamla s\u00e5 att \u00d6jag\u00e5rdsfolket kan bada tillsammans i badhuset. De har skaffat en parcykel f\u00f6r att kunna cykla tillsammans &#8211; en \u00e5ldring och en personal \u00e5t&#8230;<\/p>\n","protected":false},"author":2,"featured_media":0,"comment_status":"open","ping_status":"closed","sticky":false,"template":"","format":"standard","meta":[],"categories":[2],"tags":[],"_links":{"self":[{"href":"https:\/\/storytellers.se\/index.php?rest_route=\/wp\/v2\/posts\/2480"}],"collection":[{"href":"https:\/\/storytellers.se\/index.php?rest_route=\/wp\/v2\/posts"}],"about":[{"href":"https:\/\/storytellers.se\/index.php?rest_route=\/wp\/v2\/types\/post"}],"author":[{"embeddable":true,"href":"https:\/\/storytellers.se\/index.php?rest_route=\/wp\/v2\/users\/2"}],"replies":[{"embeddable":true,"href":"https:\/\/storytellers.se\/index.php?rest_route=%2Fwp%2Fv2%2Fcomments&post=2480"}],"version-history":[{"count":0,"href":"https:\/\/storytellers.se\/index.php?rest_route=\/wp\/v2\/posts\/2480\/revisions"}],"wp:attachment":[{"href":"https:\/\/storytellers.se\/index.php?rest_route=%2Fwp%2Fv2%2Fmedia&parent=2480"}],"wp:term":[{"taxonomy":"category","embeddable":true,"href":"https:\/\/storytellers.se\/index.php?rest_route=%2Fwp%2Fv2%2Fcategories&post=2480"},{"taxonomy":"post_tag","embeddable":true,"href":"https:\/\/storytellers.se\/index.php?rest_route=%2Fwp%2Fv2%2Ftags&post=2480"}],"curies":[{"name":"wp","href":"https:\/\/api.w.org\/{rel}","templated":true}]}}