{"id":2472,"date":"2009-11-14T13:05:17","date_gmt":"2009-11-14T12:05:17","guid":{"rendered":"http:\/\/heijbel.wordpress.com\/2009\/11\/14\/fullt-igen-nasta-chans-15-december"},"modified":"2009-11-14T13:05:17","modified_gmt":"2009-11-14T12:05:17","slug":"fullt-igen-nasta-chans-15-december","status":"publish","type":"post","link":"https:\/\/storytellers.se\/?p=2472","title":{"rendered":"Fullt igen. N\u00e4sta chans 15 december."},"content":{"rendered":"<p>Nu \u00e4r \u00e4nnu en av mina <strong>2-timmarsf\u00f6rel\u00e4sningar<\/strong>, den i Stockholm den 24 november, fulltecknad. N\u00e4sta chans f\u00f6r dig som vill komma men \u00e4nnu inte \u00e4r anm\u00e4ld blir d\u00e4rf\u00f6r den 15 december mellan 08.30-10.30.<br \/>\nJag debiterar 500 sek plus moms och dukar bordet med kaffe, te och frukt. Sen f\u00f6rel\u00e4ser jag och gruppen diskuterar storytelling i och om organisationer.<br \/>\nDet finns ocks\u00e5 \u00f6nskem\u00e5l om en storytellingutbildning till vintern med exempelvis 3&#215;3 tim med skrivuppgifter och dramaturgidiskussion inlagd.<em><br \/>\n\u00c4r du intresserad antingen av den 15 december och\/eller en 9 timmarskurs (3&#215;3 tim)<\/em> vid ett senare tillf\u00e4lle s\u00e5 maila <a href=\"mailto:matts@storytellers.se\">matts@storytellers.se<\/a>. Vad g\u00e4ller den l\u00e4ngre kursen s\u00e5 h\u00e5ller jag \u00e4n s\u00e5 l\u00e4nge bara p\u00e5 att kolla intresset. Jag har redan en lista av intresserade s\u00e5 det blir s\u00e4kerligen en s\u00e5dan 3&#215;3 tim l\u00e4ngre fram.<\/p>\n","protected":false},"excerpt":{"rendered":"<p>Nu \u00e4r \u00e4nnu en av mina 2-timmarsf\u00f6rel\u00e4sningar, den i Stockholm den 24 november, fulltecknad. N\u00e4sta chans f\u00f6r dig som vill komma men \u00e4nnu inte \u00e4r anm\u00e4ld blir d\u00e4rf\u00f6r den 15 december mellan 08.30-10.30. Jag debiterar 500 sek plus moms och dukar bordet med kaffe, te och frukt. Sen f\u00f6rel\u00e4ser jag och gruppen diskuterar storytelling i&#8230;<\/p>\n","protected":false},"author":2,"featured_media":0,"comment_status":"open","ping_status":"closed","sticky":false,"template":"","format":"standard","meta":[],"categories":[9],"tags":[],"_links":{"self":[{"href":"https:\/\/storytellers.se\/index.php?rest_route=\/wp\/v2\/posts\/2472"}],"collection":[{"href":"https:\/\/storytellers.se\/index.php?rest_route=\/wp\/v2\/posts"}],"about":[{"href":"https:\/\/storytellers.se\/index.php?rest_route=\/wp\/v2\/types\/post"}],"author":[{"embeddable":true,"href":"https:\/\/storytellers.se\/index.php?rest_route=\/wp\/v2\/users\/2"}],"replies":[{"embeddable":true,"href":"https:\/\/storytellers.se\/index.php?rest_route=%2Fwp%2Fv2%2Fcomments&post=2472"}],"version-history":[{"count":0,"href":"https:\/\/storytellers.se\/index.php?rest_route=\/wp\/v2\/posts\/2472\/revisions"}],"wp:attachment":[{"href":"https:\/\/storytellers.se\/index.php?rest_route=%2Fwp%2Fv2%2Fmedia&parent=2472"}],"wp:term":[{"taxonomy":"category","embeddable":true,"href":"https:\/\/storytellers.se\/index.php?rest_route=%2Fwp%2Fv2%2Fcategories&post=2472"},{"taxonomy":"post_tag","embeddable":true,"href":"https:\/\/storytellers.se\/index.php?rest_route=%2Fwp%2Fv2%2Ftags&post=2472"}],"curies":[{"name":"wp","href":"https:\/\/api.w.org\/{rel}","templated":true}]}}