{"id":2470,"date":"2009-11-13T11:36:11","date_gmt":"2009-11-13T10:36:11","guid":{"rendered":"http:\/\/heijbel.wordpress.com\/2009\/11\/13\/alskat-flyktingbarn-jobbade-i-smyg"},"modified":"2009-11-13T11:36:11","modified_gmt":"2009-11-13T10:36:11","slug":"alskat-flyktingbarn-jobbade-i-smyg","status":"publish","type":"post","link":"https:\/\/storytellers.se\/?p=2470","title":{"rendered":"\u00c4lskat flyktingbarn jobbade i smyg"},"content":{"rendered":"<p>Det har varit mycket diskussion om kommuner som inte vill ta emot ensamkommande flyktingbarn. Vellinge kommun h\u00e4ngs ut som direkt fientlig. I Skellefte\u00e5 har man en l\u00e5ng tradition av att ta emot flyktingbarn. Den h\u00e4r ber\u00e4ttelsen hittade jag d\u00e4r n\u00e4r jag s\u00f6kte Skelleftestories:<\/p>\n<p><!--more--><br \/>\nDen afghanske gymnasisten <strong>Elias<\/strong> flydde \u00f6ver bergen fr\u00e5n Afghanistan undan f\u00f6rf\u00f6ljelser. Han f\u00f6r\u00e4ldrar hade samlat ihop smuggelpengarna. Han tog sig s\u00e5 sm\u00e5ningom till Sverige och kom till Skellefte\u00e5 som ensamkommande flyktingbarn.<br \/>\nHan v\u00e4gde d\u00e5 45 kilo.<br \/>\nMen Elias var \u00f6ppen och positiv och l\u00e4rde sig svenska i rekordfart. N\u00e4r han skulle v\u00e4lja gymnasielinje valde han omv\u00e5rdnad och p\u00e5b\u00f6rjade utbildningen till undersk\u00f6terska.<br \/>\nRedan under praktikperioderna blev han mycket omtyckt av de gamla p\u00e5 stadens \u00e4ldreboenden d\u00e4r han jobbade extra.<br \/>\nMen s\u00e5 kom utvisningsbeslutet. Elias och en rad andra afghanska flyktingar i Sverige skulle skickas hem och Elias tvingads nu g\u00e5 under jorden. I Skellefte\u00e5 demonstrerade 100-tals skolungdomar f\u00f6r att han och de andra skulle f\u00e5 stanna.<br \/>\nP\u00e5 \u00e4ldreboendet visste de inte var han g\u00f6mde sig men en dag kom han och sa att han ville jobba. Trots att han g\u00e5tt under jorden. Man skulle kunna s\u00e4ga att han riskerade livet f\u00f6r att f\u00e5 jobba. Han var n\u00e4mligen \u00f6vertygad om att han riskerade sitt liv o han blev skickad tillbaks till Afghanistan.<br \/>\nEftersom polisen letade efter honom kunde han inte st\u00e5 med sitt namn i vikarielistorna. Men han ville hellre jobba \u00e4n g\u00f6mma sig. S\u00e5 han arbetade i smyg och maskopi med personalen p\u00e5 \u00e4ldreboendet. Hans namn fanns inte i vikarielistorna fast han var d\u00e4r.<br \/>\nTack vare det fick de \u00e4ldre, som tyckte s\u00e5 mycket om Elias, en del av sin omv\u00e5rdnad av en utvisningshotad afghanistansk pojke som utbildade sig i Skellefte\u00e5.<br \/>\nSenare fick Elias beskedet att han kunde stanna och han \u00e4r fortfarande kvar i v\u00e5rt land, nu som f\u00e4rdigutbildad undersk\u00f6terska.<\/p>\n","protected":false},"excerpt":{"rendered":"<p>Det har varit mycket diskussion om kommuner som inte vill ta emot ensamkommande flyktingbarn. Vellinge kommun h\u00e4ngs ut som direkt fientlig. I Skellefte\u00e5 har man en l\u00e5ng tradition av att ta emot flyktingbarn. Den h\u00e4r ber\u00e4ttelsen hittade jag d\u00e4r n\u00e4r jag s\u00f6kte Skelleftestories:<\/p>\n","protected":false},"author":2,"featured_media":0,"comment_status":"open","ping_status":"closed","sticky":false,"template":"","format":"standard","meta":[],"categories":[4],"tags":[],"_links":{"self":[{"href":"https:\/\/storytellers.se\/index.php?rest_route=\/wp\/v2\/posts\/2470"}],"collection":[{"href":"https:\/\/storytellers.se\/index.php?rest_route=\/wp\/v2\/posts"}],"about":[{"href":"https:\/\/storytellers.se\/index.php?rest_route=\/wp\/v2\/types\/post"}],"author":[{"embeddable":true,"href":"https:\/\/storytellers.se\/index.php?rest_route=\/wp\/v2\/users\/2"}],"replies":[{"embeddable":true,"href":"https:\/\/storytellers.se\/index.php?rest_route=%2Fwp%2Fv2%2Fcomments&post=2470"}],"version-history":[{"count":0,"href":"https:\/\/storytellers.se\/index.php?rest_route=\/wp\/v2\/posts\/2470\/revisions"}],"wp:attachment":[{"href":"https:\/\/storytellers.se\/index.php?rest_route=%2Fwp%2Fv2%2Fmedia&parent=2470"}],"wp:term":[{"taxonomy":"category","embeddable":true,"href":"https:\/\/storytellers.se\/index.php?rest_route=%2Fwp%2Fv2%2Fcategories&post=2470"},{"taxonomy":"post_tag","embeddable":true,"href":"https:\/\/storytellers.se\/index.php?rest_route=%2Fwp%2Fv2%2Ftags&post=2470"}],"curies":[{"name":"wp","href":"https:\/\/api.w.org\/{rel}","templated":true}]}}