{"id":2466,"date":"2009-11-12T15:57:30","date_gmt":"2009-11-12T14:57:30","guid":{"rendered":"http:\/\/heijbel.wordpress.com\/2009\/11\/12\/fran-lagerelden-till-webb-2-0"},"modified":"2009-11-12T15:57:30","modified_gmt":"2009-11-12T14:57:30","slug":"fran-lagerelden-till-webb-2-0","status":"publish","type":"post","link":"https:\/\/storytellers.se\/?p=2466","title":{"rendered":"Fr\u00e5n l\u00e4gerelden till webb 2.0"},"content":{"rendered":"<p>M\u00e4nniskan existerar inte utan sin kultur och sitt sammanhang. Hennes kultur b\u00e4rs och utvecklas av ber\u00e4ttelser. Jag syftar d\u00e5 p\u00e5 f\u00f6retags- och organisationskulturen som visar vardagliga sammanhang. Jag menar <strong>inte<\/strong> underh\u00e5llningskulturen eller kulturkulturen.<br \/>\nJag t\u00e4nker: Vilka \u00e4r vi? Var kommer&#8230;<\/p>\n<p><!--more--><br \/>\n&#8230;vi ifr\u00e5n? Vad kan vi? Varf\u00f6r beh\u00f6vs v\u00e5r organisation och v\u00e5r kunskap? V\u00e5ra varor och tj\u00e4nster? Vad gillar vi? Vad gillar vi inte?<br \/>\nAllt detta finns uttryckt i befolkade kunskaps- och v\u00e4rdestories. I byn, i f\u00f6retaget, p\u00e5 klubben, i familjen etc<br \/>\nVid l\u00e4gerelden s\u00f6kte v\u00e5ra f\u00f6rf\u00e4der och f\u00f6rm\u00f6drar svar p\u00e5 de d\u00e4r fr\u00e5gorna. I de nordiska bonde\/fiskar\/brukarsamh\u00e4llena var fr\u00e5gorna integrerade i byn och arbetet, fr\u00e5n livet till d\u00f6den. Folklore, kyrkbackstr\u00e4ffar och gravplats ingick s\u00e5 att s\u00e4ga i paketet. H\u00e4r hade pr\u00e4sten l\u00e4nge en viktig storytellerroll. B\u00e5de i det m\u00e5lade, bildber\u00e4ttande kyrkorummet och vid predikan och de muntliga husf\u00f6rh\u00f6ren.<br \/>\nGivetvis ackompanjerades och utmanades pr\u00e4sten och kyrkan ocks\u00e5 av mer eller mindre frist\u00e5ende ber\u00e4ttande gummor och gubbar p\u00e5 kyrkbacken och vid stugornas eldar.<br \/>\nMen makten styr och v\u00e4gleder med ber\u00e4ttelser. Pr\u00e4sten anv\u00e4nde de t ex de pedagogiska ber\u00e4ttelserna om Jesus f\u00f6r att visa vad triben hade att relatera sig till.<br \/>\nI det arbetsdelade samh\u00e4llet som kom blev kyrkan utlyft och organisationskulturen fick mer bygga sig sj\u00e4lv med sina egna ber\u00e4ttelser. Platon hade nog p\u00e5 sin kant en del tankar om detta n\u00e4r han i Staten varnade f\u00f6r storytellers som for iv\u00e4g utan riktning och klara avsikter.<br \/>\nI modern amerikansk management kom sen exempelvis IBM och f\u00f6rs\u00f6kte bygga en ledningsstyrd helhet igen med allt fr\u00e5n f\u00f6retagets storytelling till dresscode.<br \/>\nIkea anv\u00e4nder v\u00e4rderingsber\u00e4ttelser f\u00f6r att bygga insidan av varum\u00e4rket och f\u00f6r att f\u00f6rklara det ikeanska ledarskapet.<br \/>\nI dag \u00e4r det allt fler f\u00f6retag och organisationer som f\u00f6rs\u00f6ker skapa repertoarer av ber\u00e4ttelser kopplade till varum\u00e4rken f\u00f6r att p\u00e5verka snacket. <strong>Word of Mouth<\/strong>. Men nu kan vi ocks\u00e5 reflektera \u00f6ver begreppet <strong>Word of Mouse<\/strong>. Mouse \u00e4r d\u00e5 lika med musklick p\u00e5 datorn. En n\u00f6jd eller missn\u00f6jd kund kan med ett enda musklick n\u00e5 tiotusentals andra och starta en gr\u00e4sbrand som bygger eller raserar det varum\u00e4rke organisationen k\u00e4mpat s\u00e5 mycket f\u00f6r.<br \/>\nInte underligt att Ikea ( och de flesta strategiskt medvetna ber\u00e4ttarorganisationerna ) satsar p\u00e5 att finna och leverera inneh\u00e5ll till den sociala webben, webb 2.0. Sociala webben \u00e4r helt enkelt en av dagens kyrkbackar. F\u00f6rr utanf\u00f6r kyrkan d\u00e4r m\u00e4nniskor samtalade efter pr\u00e4stens gudstj\u00e4nst. Nu i det ofantliga bruset d\u00e4r ute n\u00e5gonstans vid ozonlagret.<br \/>\nDen organiserade m\u00e4nniskan ber\u00e4ttade allts\u00e5 redan vid l\u00e4gerelden och \u00e4ven i Platons grotta och p\u00e5 kyrkbacken och sen hela v\u00e4gen till v\u00e5ra tidningar, hemsidor och i v\u00e5rt ledarskap. Sen halkade man rakt in i den sociala webben i cyberspace vare sig man ville eller inte.<br \/>\nPl\u00f6tsligt finns allts\u00e5 en hel v\u00e4rld i cyberspace d\u00e4r ett musklick kan betyda himmel eller helvete f\u00f6r triben som fortfarande undrar var den kommer i fr\u00e5n, vad den kan och vilken uppgift den h\u00e4r i relation till sin omv\u00e4rld.<br \/>\nD\u00e4rf\u00f6r tycker jag att varje f\u00f6retag och organisation borde ha en kulturchef som f\u00f6rst\u00e5r ber\u00e4ttarkapitalet och ser till att man f\u00f6rh\u00e5ller sig ocks\u00e5 till den sociala webben om man \u00f6verhuvudtaget viill delta i ber\u00e4ttelsen.<br \/>\nUtan en ansvarig f\u00f6r organisations- och f\u00f6retagskulturen kan man l\u00e4tta k\u00f6ra fel. Man beh\u00f6ver en ansvarig som blir en professionell utvecklare och sk\u00f6rdare av b\u00e4rande ber\u00e4ttelser eftersom ber\u00e4ttelserna ska bygga bilder av nuet och framtiden, ber\u00e4ttelser ska attrahera eller st\u00f6ta bort medarbetare och kunder.<br \/>\nF\u00f6r det brusar och talas och ber\u00e4ttas faktiskt fortfarande \u00f6verallt d\u00e4r m\u00e4nniskor m\u00f6ts.<\/p>\n","protected":false},"excerpt":{"rendered":"<p>M\u00e4nniskan existerar inte utan sin kultur och sitt sammanhang. Hennes kultur b\u00e4rs och utvecklas av ber\u00e4ttelser. Jag syftar d\u00e5 p\u00e5 f\u00f6retags- och organisationskulturen som visar vardagliga sammanhang. Jag menar inte underh\u00e5llningskulturen eller kulturkulturen. Jag t\u00e4nker: Vilka \u00e4r vi? Var kommer&#8230;<\/p>\n","protected":false},"author":2,"featured_media":0,"comment_status":"open","ping_status":"closed","sticky":false,"template":"","format":"standard","meta":[],"categories":[2],"tags":[],"_links":{"self":[{"href":"https:\/\/storytellers.se\/index.php?rest_route=\/wp\/v2\/posts\/2466"}],"collection":[{"href":"https:\/\/storytellers.se\/index.php?rest_route=\/wp\/v2\/posts"}],"about":[{"href":"https:\/\/storytellers.se\/index.php?rest_route=\/wp\/v2\/types\/post"}],"author":[{"embeddable":true,"href":"https:\/\/storytellers.se\/index.php?rest_route=\/wp\/v2\/users\/2"}],"replies":[{"embeddable":true,"href":"https:\/\/storytellers.se\/index.php?rest_route=%2Fwp%2Fv2%2Fcomments&post=2466"}],"version-history":[{"count":0,"href":"https:\/\/storytellers.se\/index.php?rest_route=\/wp\/v2\/posts\/2466\/revisions"}],"wp:attachment":[{"href":"https:\/\/storytellers.se\/index.php?rest_route=%2Fwp%2Fv2%2Fmedia&parent=2466"}],"wp:term":[{"taxonomy":"category","embeddable":true,"href":"https:\/\/storytellers.se\/index.php?rest_route=%2Fwp%2Fv2%2Fcategories&post=2466"},{"taxonomy":"post_tag","embeddable":true,"href":"https:\/\/storytellers.se\/index.php?rest_route=%2Fwp%2Fv2%2Ftags&post=2466"}],"curies":[{"name":"wp","href":"https:\/\/api.w.org\/{rel}","templated":true}]}}