{"id":2454,"date":"2009-11-03T14:49:15","date_gmt":"2009-11-03T13:49:15","guid":{"rendered":"http:\/\/heijbel.wordpress.com\/2009\/11\/03\/han-oppnade-gransen"},"modified":"2009-11-03T14:49:15","modified_gmt":"2009-11-03T13:49:15","slug":"han-oppnade-gransen","status":"publish","type":"post","link":"https:\/\/storytellers.se\/?p=2454","title":{"rendered":"Han \u00f6ppnade gr\u00e4nsen"},"content":{"rendered":"<p><strong>Harald J\u00e4ger <\/strong>\u00f6ppnade gr\u00e4nsen och 1000-tals DDRare rusade in i V\u00e4stberlin. Det var i dagarna 20 \u00e5r sedan.<br \/>\n\u2013 <em>Jag \u00f6ppnade gr\u00e4nsen<\/em>, sa han till frun n\u00e4r han kom hem.<br \/>\n&#8211; <em>Struntprat,<\/em> sa hon, p\u00e5 v\u00e4g till sitt jobb. <em>S\u00e5 du sladdrar<\/em>.<br \/>\nMen det var inte slidder-sladder. Det var Harald J\u00e4ger som \u00f6ppnade bommen den d\u00e4r novembernatten, skriver Expressen. Sen ringde han \u00f6verste <strong>Ziegenhorn<\/strong> och sa att trycket blev f\u00f6r h\u00e5rt, han hade inget val.<br \/>\n<em>\u2013 Bra min v\u00e4n<\/em>, sa \u00f6versten.<br \/>\nD\u00e4rmed hade 40 \u00e5r av kommunism fallit. Tyskland enades och den lilla v\u00e4st\u00f6n, som V\u00e4stberlin var i DDR, blev en del av det hela Tyskland.<br \/>\nMen nu byggs hur som helst nya murar i v\u00e4rlden. Och kanske i oss sj\u00e4lva.<\/p>\n","protected":false},"excerpt":{"rendered":"<p>Harald J\u00e4ger \u00f6ppnade gr\u00e4nsen och 1000-tals DDRare rusade in i V\u00e4stberlin. Det var i dagarna 20 \u00e5r sedan. \u2013 Jag \u00f6ppnade gr\u00e4nsen, sa han till frun n\u00e4r han kom hem. &#8211; Struntprat, sa hon, p\u00e5 v\u00e4g till sitt jobb. S\u00e5 du sladdrar. Men det var inte slidder-sladder. Det var Harald J\u00e4ger som \u00f6ppnade bommen den&#8230;<\/p>\n","protected":false},"author":2,"featured_media":0,"comment_status":"open","ping_status":"closed","sticky":false,"template":"","format":"standard","meta":[],"categories":[4],"tags":[],"_links":{"self":[{"href":"https:\/\/storytellers.se\/index.php?rest_route=\/wp\/v2\/posts\/2454"}],"collection":[{"href":"https:\/\/storytellers.se\/index.php?rest_route=\/wp\/v2\/posts"}],"about":[{"href":"https:\/\/storytellers.se\/index.php?rest_route=\/wp\/v2\/types\/post"}],"author":[{"embeddable":true,"href":"https:\/\/storytellers.se\/index.php?rest_route=\/wp\/v2\/users\/2"}],"replies":[{"embeddable":true,"href":"https:\/\/storytellers.se\/index.php?rest_route=%2Fwp%2Fv2%2Fcomments&post=2454"}],"version-history":[{"count":0,"href":"https:\/\/storytellers.se\/index.php?rest_route=\/wp\/v2\/posts\/2454\/revisions"}],"wp:attachment":[{"href":"https:\/\/storytellers.se\/index.php?rest_route=%2Fwp%2Fv2%2Fmedia&parent=2454"}],"wp:term":[{"taxonomy":"category","embeddable":true,"href":"https:\/\/storytellers.se\/index.php?rest_route=%2Fwp%2Fv2%2Fcategories&post=2454"},{"taxonomy":"post_tag","embeddable":true,"href":"https:\/\/storytellers.se\/index.php?rest_route=%2Fwp%2Fv2%2Ftags&post=2454"}],"curies":[{"name":"wp","href":"https:\/\/api.w.org\/{rel}","templated":true}]}}