{"id":2452,"date":"2009-11-02T15:59:45","date_gmt":"2009-11-02T14:59:45","guid":{"rendered":"http:\/\/heijbel.wordpress.com\/2009\/11\/02\/tro-pa-vad-du-sager"},"modified":"2009-11-02T15:59:45","modified_gmt":"2009-11-02T14:59:45","slug":"tro-pa-vad-du-sager","status":"publish","type":"post","link":"https:\/\/storytellers.se\/?p=2452","title":{"rendered":"Tro p\u00e5 vad du s\u00e4ger"},"content":{"rendered":"<p>Om du vill framf\u00f6ra ett budskap eller visa v\u00e4rderingar eller kunskap med hj\u00e4lp av Corporate Storytelling s\u00e5 \u00e4r <em>det viktigaste <strong>vad<\/strong> du s\u00e4ger inte <strong>hur<\/strong> du s\u00e4ger det<\/em>. Det \u00e4r allts\u00e5 inte, som jag ser det, utbildning i framf\u00f6randeteknik som du fr\u00e4mst beh\u00f6ver utan viktigast \u00e4r att du f\u00f6rst\u00e5r att du har n\u00e5got viktigt att ber\u00e4tta som du ocks\u00e5 tycker visar vad du\/ni st\u00e5r f\u00f6r eller vad du\/ni kan.<br \/>\nJag gl\u00f6mmer aldrig n\u00e4r den framst\u00e5ende ber\u00e4ttaren&#8230;<\/p>\n<p><!--more--><br \/>\n&#8230;<strong>Ulf \u00c4rnstr\u00f6m<\/strong> ber\u00e4ttade om tusenfotningen. Jag tror att den ber\u00e4ttelsen handlar om detta.<br \/>\nUngef\u00e4r s\u00e5 h\u00e4r minns jag den.<br \/>\n<em>En tusenfoting fick fr\u00e5gan hur hon kunde starta n\u00e4r hon hade s\u00e5 m\u00e5nga f\u00f6tter. Vilken fot r\u00f6rde hon f\u00f6rst.<br \/>\nDet fr\u00e5gan hade tusenfotingen inte f\u00e5tt f\u00f6rr och hon b\u00f6rjade fundera p\u00e5 den. Var det h\u00f6ger fr\u00e4msta foten eller v\u00e4nsterbakerst. Eller var det n\u00e5gon fot mitt i raden. Eller var det alla tusen p\u00e5 en g\u00e5ng.<br \/>\nSen dess har den tusenfotingen inte kommit iv\u00e4g. Det blev lite <em><strong>f\u00f6r mycket hur<\/strong><\/em>.<br \/>\nHade hon f\u00e5tt fr\u00e5gan om hon bara kunde g\u00e5 ett varv hade det varit hur enkelt som helst.<br \/>\n<\/em><br \/>\nCorporate Storytelling, s\u00e5 som jag h\u00e5ller p\u00e5 med det, handlar allts\u00e5 <em>mer om vad \u00e4n om hur<\/em> man ber\u00e4ttar. Huret riskerar att h\u00e4mma ber\u00e4ttaren och snacket (Word of Mouth) blir lidande eftersom ber\u00e4ttandet blir f\u00f6r prestationsfyllt.<br \/>\nS\u00e5 om manus eller stolpar. Om att st\u00e5 stilla eller r\u00f6ra sig. Om att titta p\u00e5 en i taget eller svepa med blicken \u00f6ver alla. Om det \u00e4r f\u00f6rbjudet att dra handen genom h\u00e5ret. De d\u00e4r fr\u00e5gorna tycker jag, i vardagliga storytellingsammanhang, kommer f\u00f6rst i andra hand.<br \/>\nJag uppmanar helt enkelt dem jag st\u00f6ttar att ber\u00e4tta enbart om de tror p\u00e5 det de s\u00e4ger och att utg\u00e5 fr\u00e5n att den som lyssnar <em>vill h\u00f6ra och \u00e4r din v\u00e4n<\/em>. D\u00e5 blir det bra \u00e4ven om du till och med tappar tr\u00e5den, rodnar eller drar handen genom h\u00e5ret.<br \/>\nMen det hindrar inte att du f\u00f6rst\u00e5s ska s\u00e4tta en scen i ber\u00e4ttelsen innan du befolkar din scen och l\u00e5ter n\u00e5got h\u00e4nda med de m\u00e4nniskor du f\u00f6rt in i den ber\u00e4ttande scenen. Och att du ska driva fram till den po\u00e4ng som du \u00e4r v\u00e4l medveten om. V\u00e4gen till klimax kan vara lite olika fr\u00e5n g\u00e5ng till g\u00e5ng.<br \/>\nAllts\u00e5 precis som n\u00e4r du ber\u00e4ttar f\u00f6r dina anh\u00f6riga eller v\u00e4nner om n\u00e5got som ber\u00f6rt dig. Bara med den specialbetoningen att i Corporate Storytelling handlar det ytterst om en organisation, ett f\u00f6retag, en vara eller en tj\u00e4nst.<br \/>\nOm att befolka varum\u00e4rken.<\/p>\n","protected":false},"excerpt":{"rendered":"<p>Om du vill framf\u00f6ra ett budskap eller visa v\u00e4rderingar eller kunskap med hj\u00e4lp av Corporate Storytelling s\u00e5 \u00e4r det viktigaste vad du s\u00e4ger inte hur du s\u00e4ger det. Det \u00e4r allts\u00e5 inte, som jag ser det, utbildning i framf\u00f6randeteknik som du fr\u00e4mst beh\u00f6ver utan viktigast \u00e4r att du f\u00f6rst\u00e5r att du har n\u00e5got viktigt att&#8230;<\/p>\n","protected":false},"author":2,"featured_media":0,"comment_status":"open","ping_status":"closed","sticky":false,"template":"","format":"standard","meta":[],"categories":[2],"tags":[],"_links":{"self":[{"href":"https:\/\/storytellers.se\/index.php?rest_route=\/wp\/v2\/posts\/2452"}],"collection":[{"href":"https:\/\/storytellers.se\/index.php?rest_route=\/wp\/v2\/posts"}],"about":[{"href":"https:\/\/storytellers.se\/index.php?rest_route=\/wp\/v2\/types\/post"}],"author":[{"embeddable":true,"href":"https:\/\/storytellers.se\/index.php?rest_route=\/wp\/v2\/users\/2"}],"replies":[{"embeddable":true,"href":"https:\/\/storytellers.se\/index.php?rest_route=%2Fwp%2Fv2%2Fcomments&post=2452"}],"version-history":[{"count":0,"href":"https:\/\/storytellers.se\/index.php?rest_route=\/wp\/v2\/posts\/2452\/revisions"}],"wp:attachment":[{"href":"https:\/\/storytellers.se\/index.php?rest_route=%2Fwp%2Fv2%2Fmedia&parent=2452"}],"wp:term":[{"taxonomy":"category","embeddable":true,"href":"https:\/\/storytellers.se\/index.php?rest_route=%2Fwp%2Fv2%2Fcategories&post=2452"},{"taxonomy":"post_tag","embeddable":true,"href":"https:\/\/storytellers.se\/index.php?rest_route=%2Fwp%2Fv2%2Ftags&post=2452"}],"curies":[{"name":"wp","href":"https:\/\/api.w.org\/{rel}","templated":true}]}}