{"id":2444,"date":"2009-10-29T14:47:12","date_gmt":"2009-10-29T13:47:12","guid":{"rendered":"http:\/\/heijbel.wordpress.com\/2009\/10\/29\/utvardering-fran-svenska-kyrkan"},"modified":"2009-10-29T14:47:12","modified_gmt":"2009-10-29T13:47:12","slug":"utvardering-fran-svenska-kyrkan","status":"publish","type":"post","link":"https:\/\/storytellers.se\/?p=2444","title":{"rendered":"Utv\u00e4rdering fr\u00e5n Svenska Kyrkan"},"content":{"rendered":"<p>Jag var del av en seminariedag hos <strong>Svenska Kyrkan<\/strong> i \u00d6rebro f\u00f6r en tid sedan. Det \u00e4r alltid sp\u00e4nnande eftersom kyrkan \u00e4r fylld av v\u00e4rderingsber\u00e4ttelser i sin produkt i sig, om man s\u00e4ger s\u00e5. Liknelserna om Jesus \u00e4r str\u00e5lande v\u00e4rderingsstorytelling.<br \/>\nNu var det inte Jesus jag talade om utan om m\u00e4nniskorna som f\u00f6rvaltar dessa ber\u00e4ttelser och hanterar den kristna l\u00e4ran i v\u00e5r vardag 2009. D\u00e5 \u00e4r det Corporate Stortelling <em><strong>i och om<\/strong><\/em> Svenska Kyrkan.<br \/>\nDeltagarna tog i utv\u00e4rderingen st\u00e4llning till en skala fr\u00e5n 1 (inst\u00e4mmer inte alls) till 5 (inst\u00e4mmer helt). D\u00e4rf\u00f6r blir jag stolt och glad n\u00e4r de bed\u00f6mer min insats med praktiskt taget bara femmor:<br \/>\n<em><strong>Inneh\u00e5llet i Matts Heijbels f\u00f6rel\u00e4sning var intressant f\u00f6r mig. <strong>4,89<\/strong><br \/>\nMatts Heijbel framf\u00f6rde det han ville s\u00e4ga p\u00e5 ett bra s\u00e4tt. <strong>4,79<\/strong><\/strong><\/em><\/p>\n","protected":false},"excerpt":{"rendered":"<p>Jag var del av en seminariedag hos Svenska Kyrkan i \u00d6rebro f\u00f6r en tid sedan. Det \u00e4r alltid sp\u00e4nnande eftersom kyrkan \u00e4r fylld av v\u00e4rderingsber\u00e4ttelser i sin produkt i sig, om man s\u00e4ger s\u00e5. Liknelserna om Jesus \u00e4r str\u00e5lande v\u00e4rderingsstorytelling. Nu var det inte Jesus jag talade om utan om m\u00e4nniskorna som f\u00f6rvaltar dessa ber\u00e4ttelser&#8230;<\/p>\n","protected":false},"author":2,"featured_media":0,"comment_status":"open","ping_status":"closed","sticky":false,"template":"","format":"standard","meta":[],"categories":[7],"tags":[],"_links":{"self":[{"href":"https:\/\/storytellers.se\/index.php?rest_route=\/wp\/v2\/posts\/2444"}],"collection":[{"href":"https:\/\/storytellers.se\/index.php?rest_route=\/wp\/v2\/posts"}],"about":[{"href":"https:\/\/storytellers.se\/index.php?rest_route=\/wp\/v2\/types\/post"}],"author":[{"embeddable":true,"href":"https:\/\/storytellers.se\/index.php?rest_route=\/wp\/v2\/users\/2"}],"replies":[{"embeddable":true,"href":"https:\/\/storytellers.se\/index.php?rest_route=%2Fwp%2Fv2%2Fcomments&post=2444"}],"version-history":[{"count":0,"href":"https:\/\/storytellers.se\/index.php?rest_route=\/wp\/v2\/posts\/2444\/revisions"}],"wp:attachment":[{"href":"https:\/\/storytellers.se\/index.php?rest_route=%2Fwp%2Fv2%2Fmedia&parent=2444"}],"wp:term":[{"taxonomy":"category","embeddable":true,"href":"https:\/\/storytellers.se\/index.php?rest_route=%2Fwp%2Fv2%2Fcategories&post=2444"},{"taxonomy":"post_tag","embeddable":true,"href":"https:\/\/storytellers.se\/index.php?rest_route=%2Fwp%2Fv2%2Ftags&post=2444"}],"curies":[{"name":"wp","href":"https:\/\/api.w.org\/{rel}","templated":true}]}}