{"id":2434,"date":"2009-10-21T23:47:25","date_gmt":"2009-10-21T22:47:25","guid":{"rendered":"http:\/\/heijbel.wordpress.com\/2009\/10\/21\/alfred-nobel-som-storyteller"},"modified":"2009-10-21T23:47:25","modified_gmt":"2009-10-21T22:47:25","slug":"alfred-nobel-som-storyteller","status":"publish","type":"post","link":"https:\/\/storytellers.se\/?p=2434","title":{"rendered":"Alfred Nobel som storyteller"},"content":{"rendered":"<p>I dag har jag deltagit i ett seminarium i <em>Karlskoga<\/em> om kommunens ber\u00e4ttelser och om de ber\u00e4ttelser som n\u00e4ringsliv och kommun beh\u00f6ver f\u00f6r att sk\u00e5da framtiden och arbeta med sin vision f\u00f6r \u00e5r 2020. D\u00e5 visade det sig att <strong>Alfred Nobel<\/strong>, vars hemstad \u00e4r just Karlskoga, deltog. Kommunen har nu anst\u00e4llt sk\u00e5despelaren <strong>Peter Sundh<\/strong> som Alfred Nobel. Se sj\u00e4lv h\u00e4r i en inspelning gjord f\u00f6r n\u00e5gra \u00e5r sedan.<br \/>\nAlfred Nobel:<br \/>\n[youtube http:\/\/www.youtube.com\/watch?v=Y34pSbsyWF8&amp;hl=sv&amp;fs=1&amp;]<\/p>\n","protected":false},"excerpt":{"rendered":"<p>I dag har jag deltagit i ett seminarium i Karlskoga om kommunens ber\u00e4ttelser och om de ber\u00e4ttelser som n\u00e4ringsliv och kommun beh\u00f6ver f\u00f6r att sk\u00e5da framtiden och arbeta med sin vision f\u00f6r \u00e5r 2020. D\u00e5 visade det sig att Alfred Nobel, vars hemstad \u00e4r just Karlskoga, deltog. Kommunen har nu anst\u00e4llt sk\u00e5despelaren Peter Sundh som&#8230;<\/p>\n","protected":false},"author":2,"featured_media":0,"comment_status":"open","ping_status":"closed","sticky":false,"template":"","format":"standard","meta":[],"categories":[4],"tags":[],"_links":{"self":[{"href":"https:\/\/storytellers.se\/index.php?rest_route=\/wp\/v2\/posts\/2434"}],"collection":[{"href":"https:\/\/storytellers.se\/index.php?rest_route=\/wp\/v2\/posts"}],"about":[{"href":"https:\/\/storytellers.se\/index.php?rest_route=\/wp\/v2\/types\/post"}],"author":[{"embeddable":true,"href":"https:\/\/storytellers.se\/index.php?rest_route=\/wp\/v2\/users\/2"}],"replies":[{"embeddable":true,"href":"https:\/\/storytellers.se\/index.php?rest_route=%2Fwp%2Fv2%2Fcomments&post=2434"}],"version-history":[{"count":0,"href":"https:\/\/storytellers.se\/index.php?rest_route=\/wp\/v2\/posts\/2434\/revisions"}],"wp:attachment":[{"href":"https:\/\/storytellers.se\/index.php?rest_route=%2Fwp%2Fv2%2Fmedia&parent=2434"}],"wp:term":[{"taxonomy":"category","embeddable":true,"href":"https:\/\/storytellers.se\/index.php?rest_route=%2Fwp%2Fv2%2Fcategories&post=2434"},{"taxonomy":"post_tag","embeddable":true,"href":"https:\/\/storytellers.se\/index.php?rest_route=%2Fwp%2Fv2%2Ftags&post=2434"}],"curies":[{"name":"wp","href":"https:\/\/api.w.org\/{rel}","templated":true}]}}