{"id":2430,"date":"2009-10-19T16:52:33","date_gmt":"2009-10-19T15:52:33","guid":{"rendered":"http:\/\/heijbel.wordpress.com\/2009\/10\/19\/nyhetsbrev-47-lagereld-ger-nobelpris"},"modified":"2009-10-19T16:52:33","modified_gmt":"2009-10-19T15:52:33","slug":"nyhetsbrev-47-lagereld-ger-nobelpris","status":"publish","type":"post","link":"https:\/\/storytellers.se\/?p=2430","title":{"rendered":"Nyhetsbrev 47: L\u00e4gereld ger Nobelpris"},"content":{"rendered":"<p>I dag har drygt 2.400 prenumeranter f\u00e5tt m\u00e5nadens nyhetsbrev fr\u00e5n storytellers.se. Vill du l\u00e4sa det s\u00e5 finns det om du trycker p\u00e5 l\u00e4nken h\u00e4r under. Vill du sj\u00e4lv prenumerera s\u00e5 kan du maila <a href=\"mailto:matts@storytellers.se\">matts@storytellers.se<\/a><\/p>\n<p><!--more--><br \/>\n<strong>Nyhetsbrev 47<\/strong><br \/>\nHej Storytellerv\u00e4n<br \/>\nEn m\u00e5nad har g\u00e5tt sen f\u00f6rra nyhetsbrevet och h\u00e4r kommer n\u00e5gra tankar som passerat storytellers och min hj\u00e4rna och mitt hj\u00e4rta sen dess. Det mesta finns i f\u00f6rdjupad form p\u00e5 storytellers.se<br \/>\nNu, i Nobelpristider, h\u00f6rde jag p\u00e5 radion en svensk forskare som f\u00f6rklarade varf\u00f6r s\u00e5 m\u00e5nga personer fr\u00e5n samma universitet hade f\u00e5tt Nobelpris. F\u00f6r att de fikar, \u00e4ter eller tar en \u00f6l tillsammans. D\u00e4r korsas deras tankar och nya id\u00e9er f\u00f6ds, menade han.<br \/>\nPrecis s\u00e5 tror jag det \u00e4r. Det \u00e4r l\u00e4gerelden. Jag tr\u00e4ffar ibland chefer p\u00e5 f\u00f6retag som \u00e4r bekymrade \u00f6ver att deras medarbetare fikar f\u00f6r lite tillsammans. Medarbetarna tr\u00e4ffas allts\u00e5 inte vid l\u00e4gerelden. L\u00e4gerelden som har samlat m\u00e4nniskor i alla tider i alla delar av v\u00e4rlden.<br \/>\nVid l\u00e4gerelden \u00f6verf\u00f6r man kunskap och visar v\u00e4rderingar. Man talar om det f\u00f6rflutna, samtiden och framtiden. S\u00e4ger vad man gillar och ogillar. Pr\u00f6var sina tankar och id\u00e9er. Upplever och bygger kultur.<br \/>\nI dag, i eldningsf\u00f6rbudens tidevarv, \u00e4r l\u00e4gereldarna i v\u00e5r del av v\u00e4rlden v\u00e5ra fikarum, kaffeapparater och lunchrestauranter. D\u00e4r kan vi som arbetar med storytelling plantera och sk\u00f6rda ber\u00e4ttelser som kan f\u00f6ra gruppen vidare.<br \/>\n+++++++++++++++++++++++++++++++++++++++++++++++++<br \/>\nS\u00e5 starka \u00e4r dessa ber\u00e4ttelser som utg\u00f6r f\u00f6retags- och organisationsfolklore att de faktiskt kan m\u00e4ta sig med vilken annan kultur som helst. De kan utmana till exempel de f\u00f6rest\u00e4llningar som befolkar v\u00e5ra teaterscener.<br \/>\nJag har d\u00e4rf\u00f6r f\u00f6rs\u00f6kt intressera institutionsteatern f\u00f6r att sl\u00e4ppa in f\u00f6retagsfolkoren p\u00e5 scen. Jag talar f\u00f6r n\u00e4rvarade bland annat med Dramaten f\u00f6r att se om de vill sl\u00e4ppa in arbetslivets ber\u00e4ttelser p\u00e5 tiljorna. Jag har ocks\u00e5 kontakter med fria grupper.<br \/>\nN\u00e4r man, som jag, sk\u00f6rdar verkliga ber\u00e4ttelser fr\u00e5n kommun, landsting och privat f\u00f6retagsamhet, s\u00e5 m\u00e4rker man vilken kraft och vilka starka k\u00e4nslor dessa ber\u00e4ttelser utl\u00f6ser. Jag blir alltid lika f\u00f6rundrad n\u00e4r jag ser den stolthet och energi storytelling i f\u00f6retag och organisationer frig\u00f6r.<br \/>\nD\u00e5 blir det samtidigt obegripligt att inte varenda f\u00f6retag och organisation arbetar med detta kulturkapital. Att inte alla har en kulturchef eller motsvarade som ska hantera ber\u00e4ttarguldet och s\u00e4tta det i arbete.<br \/>\n+++++++++++++++++++++++++++++++++++++++++++++++++<br \/>\nJag f\u00e5r s\u00e5 m\u00e5nga f\u00f6rfr\u00e5gningar om det h\u00e4r med korta f\u00f6rel\u00e4sningar om storytelling att jag b\u00f6rjat h\u00e5lla 2 timmars inspirationsseminarier vid Mariatorget i Stockholm. N\u00e4sta tillf\u00e4lle \u00e4r den 5 november mellan 08.30 &#8211; 10.30. Jag debiterar 500 kr + moms och jag har d\u00e5 dukat bordet med kaffe, te och frukt.<br \/>\nDen 5 november finns fortfarande n\u00e5gra f\u00e5 platser kvar men jag har p\u00e5 grund av alla f\u00f6rfr\u00e5gningar beslutat k\u00f6ra ytterligare en g\u00e5ng i h\u00f6st. Det blir den 24 november. Samma tid och plats. Vill du vara med den 5 november eller den 24 november s\u00e5 skriv till matts@storytellers.se och anm\u00e4l ditt intresse.<br \/>\n+++++++++++++++++++++++++++++++++++++++++++++++++<br \/>\nI <em>Malm\u00f6 Stad<\/em> har man p\u00e5b\u00f6rjat ett stort storytellingprojekt som ytterst kommer att involvera alla n\u00e4stan 20.000 anst\u00e4llda. Malm\u00f6 har genomg\u00e5tt s\u00e5 stora f\u00f6r\u00e4ndringar de senaste 30 \u00e5ren att staden beh\u00f6ver nya ber\u00e4ttelser. Jag har utbildat en stor grupp dialogledare som i n\u00e4sta steg ska ta sig an 1100 chefer innan jul. Sen \u00e4r det tanken att de ska g\u00e5 vidare i sin tur.<br \/>\nUr detta kommer Malm\u00f6 Stad att vaska fram huvudber\u00e4ttelser och kommunanekdoter f\u00f6r att spegla  kompetensen hos och nyttan med den kommunala organisationen. Fantastiska ber\u00e4ttelser fr\u00e5n v\u00e5rd, skola och omsorg kommer att ge kommunen \u00f6kad legitimitet hos skattebetalarna och de kommer att underl\u00e4tta rekrytering och sprida kunskap mellan f\u00f6rvaltningar och kommunala bolag.<br \/>\nI Malm\u00f6 har jag ocks\u00e5 varit och tr\u00e4ffat n\u00e4ringsidkare och dessutom <em>Sydsvenskans<\/em> annons\u00f6rer i deras \u00e5rliga annons\u00f6rsdag. D\u00e4r vara n\u00e4ra 400 deltagare som fick h\u00f6ra mig missionera om det emotionella kapital som ligger nedlagt i f\u00f6retagsber\u00e4ttelser.<br \/>\n+++++++++++++++++++++++++++++++++++++++++++++++++<br \/>\nLite siffror. Cirka 143.000 bes\u00f6k har jag nu haft p\u00e5 storytellers.se. De korta <em>Youtube-filmer<\/em> som jag la ut i somras har visats drygt 2.000 g\u00e5nger. Inte som de stora Youtube-framg\u00e5ngarna med gr\u00e5tande barn och ropande presidenter f\u00f6rst\u00e5s men \u00e4nd\u00e5 ett kvitto p\u00e5 att \u00e4mnet f\u00f6r storytellers.se intresserar allt fler.<br \/>\nJag tycker faktiskt att jag har en mission. Jag kan till och med tycka att jag bidrar till att utveckla svenskt arbetsliv i de sammanhang jag f\u00e5r komma in i f\u00f6retagskulturerna och sk\u00f6rda. P\u00e5 storytellers.se ligger Youtube-klippen ett klick bort. G\u00e5 in och titta om du \u00e4r intresserad.<br \/>\n+++++++++++++++++++++++++++++++++++++++++++++++++<br \/>\nJag har skrivit mycket om sociala media sen sist. Det finns en rad inl\u00e4gg om detta och jag redovisar en del unders\u00f6kningar och visar en l\u00e4nk till ett sp\u00e4nnande Youtube-klipp om den sociala webben uttryckt i siffror.<br \/>\nJag tror att de arbetsgivare som inte st\u00e4nger den sociala webben f\u00f6r sina medarbetare fattar ett klokt beslut. Det \u00e4r d\u00e4r ute bilden av f\u00f6retaget och varum\u00e4rket skapas. Det \u00e4r v\u00e4l lika bra att l\u00e5ta medarbetarna delta i byggandet av varum\u00e4rket. Den diskussionen \u00e4r f\u00f6rst\u00e5s lite mer avancerad \u00e4n s\u00e5. Men nu n\u00e4r Facebook, till exempel, snart har fler inv\u00e5nare \u00e4n hela Usa s\u00e5 vore det v\u00e4l underligt om man avstod fr\u00e5n att delta i det samtalet \u00e4ven i sin yrkesroll.<br \/>\n+++++++++++++++++++++++++++++++++++++++++++++++++<br \/>\nJag har i flera \u00e5r talat om boken om storytelling i praktiken som jag ska skriva. Nu har jag manus som i dagsl\u00e4get \u00e4r p\u00e5 \u00f6ver 100 sidor s\u00e5 nu \u00e4r det snart verklighet. Om du vill att jag ska ta upp n\u00e5got speciellt s\u00e5 tipsa mig g\u00e4rna via mail.<br \/>\nJag har, som ingen annan i Sverige, korsat landet efter f\u00f6retag och organisationer i min storytellingmission. Nu kommer jag att dela med mig av kanske ett 100-tal stories f\u00f6rutom hantverkstips och verktyg. Boken ska ut under v\u00e5ren. Den skiljer sig fr\u00e5n andra b\u00f6cker eftersom den \u00e4r praktisk, hyllar de sanna ber\u00e4ttelserna och ber\u00e4ttas av en som faktiskt gjort det och g\u00f6r det.<br \/>\nDe blir allts\u00e5 ingen akademisk bok.<br \/>\n+++++++++++++++++++++++++++++++++++++++++++++++++<br \/>\nDu som f\u00e5r det h\u00e4r nyhetsbrevet har sj\u00e4lv anm\u00e4lt dig eller tackat jag i samband med mina seminarier. Du \u00e4r en av n\u00e4ra 2.500 prenumeranter.<br \/>\nOm du inte vill vara med l\u00e4ngre s\u00e5 v\u00e4nd mailet med ett nej tack s\u00e5 tar jag bort ditt namn.<br \/>\nJag som skriver heter <strong>Matts Heijbel<\/strong> och jag \u00e4r f\u00f6rfattare och journalist med socialantropologisk bakgrund. Jag har arbetat med Corporate Storytelling sen 1999. Jag tycker och tror att ber\u00e4ttelser kan f\u00f6r\u00e4ndra v\u00e4rlden. Ber\u00e4ttelser kan g\u00f6ra f\u00f6retag och organisationer framg\u00e5ngsrika. Det \u00e4r det jag talar om hela tiden.<br \/>\nTack f\u00f6r den h\u00e4r g\u00e5ngen h\u00e4lsar<br \/>\nMatts Heijbel<br \/>\nStockholm \/ Gr\u00f6dinge 19 oktober 2009<\/p>\n","protected":false},"excerpt":{"rendered":"<p>I dag har drygt 2.400 prenumeranter f\u00e5tt m\u00e5nadens nyhetsbrev fr\u00e5n storytellers.se. Vill du l\u00e4sa det s\u00e5 finns det om du trycker p\u00e5 l\u00e4nken h\u00e4r under. Vill du sj\u00e4lv prenumerera s\u00e5 kan du maila matts@storytellers.se<\/p>\n","protected":false},"author":2,"featured_media":0,"comment_status":"open","ping_status":"closed","sticky":false,"template":"","format":"standard","meta":[],"categories":[8],"tags":[],"_links":{"self":[{"href":"https:\/\/storytellers.se\/index.php?rest_route=\/wp\/v2\/posts\/2430"}],"collection":[{"href":"https:\/\/storytellers.se\/index.php?rest_route=\/wp\/v2\/posts"}],"about":[{"href":"https:\/\/storytellers.se\/index.php?rest_route=\/wp\/v2\/types\/post"}],"author":[{"embeddable":true,"href":"https:\/\/storytellers.se\/index.php?rest_route=\/wp\/v2\/users\/2"}],"replies":[{"embeddable":true,"href":"https:\/\/storytellers.se\/index.php?rest_route=%2Fwp%2Fv2%2Fcomments&post=2430"}],"version-history":[{"count":0,"href":"https:\/\/storytellers.se\/index.php?rest_route=\/wp\/v2\/posts\/2430\/revisions"}],"wp:attachment":[{"href":"https:\/\/storytellers.se\/index.php?rest_route=%2Fwp%2Fv2%2Fmedia&parent=2430"}],"wp:term":[{"taxonomy":"category","embeddable":true,"href":"https:\/\/storytellers.se\/index.php?rest_route=%2Fwp%2Fv2%2Fcategories&post=2430"},{"taxonomy":"post_tag","embeddable":true,"href":"https:\/\/storytellers.se\/index.php?rest_route=%2Fwp%2Fv2%2Ftags&post=2430"}],"curies":[{"name":"wp","href":"https:\/\/api.w.org\/{rel}","templated":true}]}}