{"id":2424,"date":"2009-10-17T13:31:23","date_gmt":"2009-10-17T12:31:23","guid":{"rendered":"http:\/\/heijbel.wordpress.com\/2009\/10\/17\/emotionell-kommunikation-3"},"modified":"2009-10-17T13:31:23","modified_gmt":"2009-10-17T12:31:23","slug":"emotionell-kommunikation-3","status":"publish","type":"post","link":"https:\/\/storytellers.se\/?p=2424","title":{"rendered":"Emotionell kommunikation"},"content":{"rendered":"<p>I f\u00f6retag och organisationer f\u00f6rs\u00f6ker ledarna ibland i f\u00f6retagskulturell nit att dela arbetsgemenskap och tankar med sina medarbetare. De siktar d\u00e5 oftast p\u00e5 hj\u00e4rnan, logiken och f\u00f6rnuftet. Management \u00e4r ju som regel inte en emotionell verksamhet.<br \/>\nGott s\u00e5. Men det finns mer att h\u00e4mta i ledarskapet.<br \/>\nJag har s\u00e4llan h\u00f6rt n\u00e5gon chef tala om att n\u00e5 fram till hj\u00e4rtat och k\u00e4nslorna. Detta trots att de flesta av oss fattar v\u00e5ra beslut och grundar v\u00e5r lojalitet p\u00e5 k\u00e4nslom\u00e4ssiga grunder.<br \/>\nD\u00e4rf\u00f6r intresserar jag mig f\u00f6rst\u00e5s f\u00f6r det <em>kulturella- och f\u00f6r det emotionella kapitalet och den emotionella kommunikationen<\/em>. Detta, i mitt fall, uttryckt i h\u00e4ndelsebaserat ber\u00e4ttande, s\u00e5 kallad storytelling.<br \/>\nDet finns redan en hel del om det h\u00e4r p\u00e5 storytellers.se och jag h\u00e5ller nu p\u00e5 att ytterligare f\u00f6rdjupa min kunskap och mina perspektiv p\u00e5 det omr\u00e5det.<br \/>\nJag tror att det finns en stor potential till framg\u00e5ng f\u00f6r f\u00f6retag och organisationer om man tar tag i, frig\u00f6r och s\u00e4tter de emotionella krafterna i arbete i den milj\u00f6 d\u00e4r de flesta av oss tillbringar 40 timmar i veckan.<br \/>\nDet vill s\u00e4ga p\u00e5 jobbet.<\/p>\n","protected":false},"excerpt":{"rendered":"<p>I f\u00f6retag och organisationer f\u00f6rs\u00f6ker ledarna ibland i f\u00f6retagskulturell nit att dela arbetsgemenskap och tankar med sina medarbetare. De siktar d\u00e5 oftast p\u00e5 hj\u00e4rnan, logiken och f\u00f6rnuftet. Management \u00e4r ju som regel inte en emotionell verksamhet. Gott s\u00e5. Men det finns mer att h\u00e4mta i ledarskapet. Jag har s\u00e4llan h\u00f6rt n\u00e5gon chef tala om att&#8230;<\/p>\n","protected":false},"author":2,"featured_media":0,"comment_status":"open","ping_status":"closed","sticky":false,"template":"","format":"standard","meta":[],"categories":[2],"tags":[],"_links":{"self":[{"href":"https:\/\/storytellers.se\/index.php?rest_route=\/wp\/v2\/posts\/2424"}],"collection":[{"href":"https:\/\/storytellers.se\/index.php?rest_route=\/wp\/v2\/posts"}],"about":[{"href":"https:\/\/storytellers.se\/index.php?rest_route=\/wp\/v2\/types\/post"}],"author":[{"embeddable":true,"href":"https:\/\/storytellers.se\/index.php?rest_route=\/wp\/v2\/users\/2"}],"replies":[{"embeddable":true,"href":"https:\/\/storytellers.se\/index.php?rest_route=%2Fwp%2Fv2%2Fcomments&post=2424"}],"version-history":[{"count":0,"href":"https:\/\/storytellers.se\/index.php?rest_route=\/wp\/v2\/posts\/2424\/revisions"}],"wp:attachment":[{"href":"https:\/\/storytellers.se\/index.php?rest_route=%2Fwp%2Fv2%2Fmedia&parent=2424"}],"wp:term":[{"taxonomy":"category","embeddable":true,"href":"https:\/\/storytellers.se\/index.php?rest_route=%2Fwp%2Fv2%2Fcategories&post=2424"},{"taxonomy":"post_tag","embeddable":true,"href":"https:\/\/storytellers.se\/index.php?rest_route=%2Fwp%2Fv2%2Ftags&post=2424"}],"curies":[{"name":"wp","href":"https:\/\/api.w.org\/{rel}","templated":true}]}}