{"id":2420,"date":"2009-10-14T11:08:00","date_gmt":"2009-10-14T10:08:00","guid":{"rendered":"http:\/\/heijbel.wordpress.com\/2009\/10\/14\/till-harnosand-den-20-10-09"},"modified":"2009-10-14T11:08:00","modified_gmt":"2009-10-14T10:08:00","slug":"till-harnosand-den-20-10-09","status":"publish","type":"post","link":"https:\/\/storytellers.se\/?p=2420","title":{"rendered":"Till H\u00e4rn\u00f6sand den 20.10.09"},"content":{"rendered":"<p>Den 20 oktober kommer jag till <strong><em>Almi Mitt<\/em><\/strong> f\u00f6r en inspirationsf\u00f6rel\u00e4sning och mindre workshop under rubriken: <strong>Hur ber\u00e4ttelser blir business<\/strong>. Det blir i H\u00e4rn\u00f6sand. L\u00e4s mer <a href=\"http:\/\/www.almi.se\/mitt\/Aktuellt\/releaser\/Seminarium-Hur-berattelser-blir-business\/\"><strong> h\u00e4r<\/strong><\/a>.<\/p>\n","protected":false},"excerpt":{"rendered":"<p>Den 20 oktober kommer jag till Almi Mitt f\u00f6r en inspirationsf\u00f6rel\u00e4sning och mindre workshop under rubriken: Hur ber\u00e4ttelser blir business. Det blir i H\u00e4rn\u00f6sand. L\u00e4s mer h\u00e4r.<\/p>\n","protected":false},"author":2,"featured_media":0,"comment_status":"open","ping_status":"closed","sticky":false,"template":"","format":"standard","meta":[],"categories":[9],"tags":[],"_links":{"self":[{"href":"https:\/\/storytellers.se\/index.php?rest_route=\/wp\/v2\/posts\/2420"}],"collection":[{"href":"https:\/\/storytellers.se\/index.php?rest_route=\/wp\/v2\/posts"}],"about":[{"href":"https:\/\/storytellers.se\/index.php?rest_route=\/wp\/v2\/types\/post"}],"author":[{"embeddable":true,"href":"https:\/\/storytellers.se\/index.php?rest_route=\/wp\/v2\/users\/2"}],"replies":[{"embeddable":true,"href":"https:\/\/storytellers.se\/index.php?rest_route=%2Fwp%2Fv2%2Fcomments&post=2420"}],"version-history":[{"count":0,"href":"https:\/\/storytellers.se\/index.php?rest_route=\/wp\/v2\/posts\/2420\/revisions"}],"wp:attachment":[{"href":"https:\/\/storytellers.se\/index.php?rest_route=%2Fwp%2Fv2%2Fmedia&parent=2420"}],"wp:term":[{"taxonomy":"category","embeddable":true,"href":"https:\/\/storytellers.se\/index.php?rest_route=%2Fwp%2Fv2%2Fcategories&post=2420"},{"taxonomy":"post_tag","embeddable":true,"href":"https:\/\/storytellers.se\/index.php?rest_route=%2Fwp%2Fv2%2Ftags&post=2420"}],"curies":[{"name":"wp","href":"https:\/\/api.w.org\/{rel}","templated":true}]}}