{"id":2418,"date":"2009-10-13T15:11:56","date_gmt":"2009-10-13T14:11:56","guid":{"rendered":"http:\/\/heijbel.wordpress.com\/2009\/10\/13\/fullt-igen-nasta-chans-5-11-09"},"modified":"2009-10-13T15:11:56","modified_gmt":"2009-10-13T14:11:56","slug":"fullt-igen-nasta-chans-5-11-09","status":"publish","type":"post","link":"https:\/\/storytellers.se\/?p=2418","title":{"rendered":"Fullt igen. N\u00e4sta chans 5.11.09"},"content":{"rendered":"<p>Det var fullt i konferensrummet n\u00e4r jag i f\u00f6rmiddags h\u00f6ll \u00e4nnu en fulltecknad 2-timmarsf\u00f6rel\u00e4sning i Stockholm. <strong>N\u00e4sta blir den 5 november<\/strong> p\u00e5 Hornsgatan 52, 3 tr. Jag debiterar 500 sek plus moms och dukar bordet med kaffe, te och frukt. Sen f\u00f6rel\u00e4ser jag och gruppen diskuterar storytelling i och om organisationer.<br \/>\nI dag kom det fram \u00f6nskem\u00e5l om en storytellerutbildning till vintern med exempelvis 3&#215;3 tim med skrivuppgifter och dramaturgidiskussion inlagd. \u00c4r du intresserad av den 5 november eller en 9 timmarskurs (3&#215;3 tim) senare s\u00e5 maila <a href=\"mailto:matts@storytellers.se\">matts@storytellers.se<\/a> och s\u00e4g till. Vad g\u00e4ller den l\u00e4ngre kursen s\u00e5 \u00e4r det \u00e4n s\u00e5 l\u00e4nge bara f\u00f6r att kolla intresset.<\/p>\n","protected":false},"excerpt":{"rendered":"<p>Det var fullt i konferensrummet n\u00e4r jag i f\u00f6rmiddags h\u00f6ll \u00e4nnu en fulltecknad 2-timmarsf\u00f6rel\u00e4sning i Stockholm. N\u00e4sta blir den 5 november p\u00e5 Hornsgatan 52, 3 tr. Jag debiterar 500 sek plus moms och dukar bordet med kaffe, te och frukt. Sen f\u00f6rel\u00e4ser jag och gruppen diskuterar storytelling i och om organisationer. I dag kom det&#8230;<\/p>\n","protected":false},"author":2,"featured_media":0,"comment_status":"open","ping_status":"closed","sticky":false,"template":"","format":"standard","meta":[],"categories":[2],"tags":[],"_links":{"self":[{"href":"https:\/\/storytellers.se\/index.php?rest_route=\/wp\/v2\/posts\/2418"}],"collection":[{"href":"https:\/\/storytellers.se\/index.php?rest_route=\/wp\/v2\/posts"}],"about":[{"href":"https:\/\/storytellers.se\/index.php?rest_route=\/wp\/v2\/types\/post"}],"author":[{"embeddable":true,"href":"https:\/\/storytellers.se\/index.php?rest_route=\/wp\/v2\/users\/2"}],"replies":[{"embeddable":true,"href":"https:\/\/storytellers.se\/index.php?rest_route=%2Fwp%2Fv2%2Fcomments&post=2418"}],"version-history":[{"count":0,"href":"https:\/\/storytellers.se\/index.php?rest_route=\/wp\/v2\/posts\/2418\/revisions"}],"wp:attachment":[{"href":"https:\/\/storytellers.se\/index.php?rest_route=%2Fwp%2Fv2%2Fmedia&parent=2418"}],"wp:term":[{"taxonomy":"category","embeddable":true,"href":"https:\/\/storytellers.se\/index.php?rest_route=%2Fwp%2Fv2%2Fcategories&post=2418"},{"taxonomy":"post_tag","embeddable":true,"href":"https:\/\/storytellers.se\/index.php?rest_route=%2Fwp%2Fv2%2Ftags&post=2418"}],"curies":[{"name":"wp","href":"https:\/\/api.w.org\/{rel}","templated":true}]}}