{"id":2414,"date":"2009-10-09T15:55:06","date_gmt":"2009-10-09T14:55:06","guid":{"rendered":"http:\/\/heijbel.wordpress.com\/2009\/10\/09\/oppna-dorrar-in-i-sociala-webben"},"modified":"2009-10-09T15:55:06","modified_gmt":"2009-10-09T14:55:06","slug":"oppna-dorrar-in-i-sociala-webben","status":"publish","type":"post","link":"https:\/\/storytellers.se\/?p=2414","title":{"rendered":"\u00d6ppna d\u00f6rrar in i sociala webben"},"content":{"rendered":"<p>Jag l\u00e4ste om en <em>amerikansk unders\u00f6kning<\/em> som kommit fram till att mer \u00e4n h\u00e4lften av 1400 unders\u00f6kta f\u00f6retag helt f\u00f6rbjuder sina anst\u00e4llda att delta i sociala media p\u00e5 arbetstid. Bara var tionde f\u00f6retag till\u00e4t de anst\u00e4llda att ta del av <strong>Twitter<\/strong>, <strong>Facebook<\/strong>, <strong>MySpace<\/strong> och liknande. T\u00e4nk om&#8230;<\/p>\n<p><!--more--><br \/>\n&#8230;det \u00e4r s\u00e5 att detta inneb\u00e4r att det bara \u00e4r <em>10 procent av f\u00f6retagen<\/em> som tar vara p\u00e5 nyttan av att deras medarbetare har m\u00f6jlighet att engagera sig i bruset kring deras varum\u00e4rke p\u00e5 n\u00e4tet.<br \/>\nT\u00e4nk om det \u00e4r s\u00e5 att de st\u00e4ngda arbetsplatserna hamnar p\u00e5 efterk\u00e4lken n\u00e4r de 10 procenten lyssnar och ropar in i \u00f6ppna kanaler i sociala media.<br \/>\nT\u00e4nk om tioprocentarna sprider <em>Word of Mouth<\/em> och \u00f6ppnar &#8221;fanplatser&#8221; medan de st\u00e4ngda fortfarande producerar och -i b\u00e4sta fall- l\u00e4ser ytterligare broschyrer i gammal bepr\u00f6vad anda.<br \/>\nEnligt Expressen i dag \u00e4r restriktiva, dvs icke till\u00e5tande f\u00f6retag, i Sverige t ex Sas, H&amp;M, och SEB. Mer \u00f6ppna \u00e4r SJ, Swedbank, Ericsson och Karolinska Universitetssjukhuset. Enligt Expressen allts\u00e5.<br \/>\nJag vet sen tidigare att meningarna g\u00e5r is\u00e4r om vad som \u00e4r b\u00e4st f\u00f6r arbetsgivaren. Till\u00e5ta eller f\u00f6rbjuda. Men jag tror p\u00e5 de unders\u00f6kningar som visar att det \u00e4r bra att l\u00e5ta de anst\u00e4llda kommunicera, ocks\u00e5 privat, i den sociala webben \u00e4ven p\u00e5 arbetstid.<br \/>\nAtt det l\u00f6nar sig f\u00f6r verksamheten att ha kontakt med arenan.<br \/>\nDet \u00e4r n\u00e4mligen d\u00e4r ute i den sociala webben som kunderna diskuterar och fattar sina beslut. Det \u00e4r d\u00e4r det talas om varum\u00e4rkena och det \u00e4r d\u00e4r varum\u00e4rkena i praktiken byggs.<br \/>\nD\u00e5 \u00e4r det kanske bra att vara med i samtalet.<br \/>\nEller?<br \/>\nMed bra stories sk\u00f6rdade fr\u00e5n verkligheten&#8230;<\/p>\n","protected":false},"excerpt":{"rendered":"<p>Jag l\u00e4ste om en amerikansk unders\u00f6kning som kommit fram till att mer \u00e4n h\u00e4lften av 1400 unders\u00f6kta f\u00f6retag helt f\u00f6rbjuder sina anst\u00e4llda att delta i sociala media p\u00e5 arbetstid. Bara var tionde f\u00f6retag till\u00e4t de anst\u00e4llda att ta del av Twitter, Facebook, MySpace och liknande. T\u00e4nk om&#8230;<\/p>\n","protected":false},"author":2,"featured_media":0,"comment_status":"open","ping_status":"closed","sticky":false,"template":"","format":"standard","meta":[],"categories":[2],"tags":[],"_links":{"self":[{"href":"https:\/\/storytellers.se\/index.php?rest_route=\/wp\/v2\/posts\/2414"}],"collection":[{"href":"https:\/\/storytellers.se\/index.php?rest_route=\/wp\/v2\/posts"}],"about":[{"href":"https:\/\/storytellers.se\/index.php?rest_route=\/wp\/v2\/types\/post"}],"author":[{"embeddable":true,"href":"https:\/\/storytellers.se\/index.php?rest_route=\/wp\/v2\/users\/2"}],"replies":[{"embeddable":true,"href":"https:\/\/storytellers.se\/index.php?rest_route=%2Fwp%2Fv2%2Fcomments&post=2414"}],"version-history":[{"count":0,"href":"https:\/\/storytellers.se\/index.php?rest_route=\/wp\/v2\/posts\/2414\/revisions"}],"wp:attachment":[{"href":"https:\/\/storytellers.se\/index.php?rest_route=%2Fwp%2Fv2%2Fmedia&parent=2414"}],"wp:term":[{"taxonomy":"category","embeddable":true,"href":"https:\/\/storytellers.se\/index.php?rest_route=%2Fwp%2Fv2%2Fcategories&post=2414"},{"taxonomy":"post_tag","embeddable":true,"href":"https:\/\/storytellers.se\/index.php?rest_route=%2Fwp%2Fv2%2Ftags&post=2414"}],"curies":[{"name":"wp","href":"https:\/\/api.w.org\/{rel}","templated":true}]}}