{"id":2408,"date":"2009-10-08T12:48:45","date_gmt":"2009-10-08T11:48:45","guid":{"rendered":"http:\/\/heijbel.wordpress.com\/2009\/10\/08\/att-tala-ut-som-ledare"},"modified":"2009-10-08T12:48:45","modified_gmt":"2009-10-08T11:48:45","slug":"att-tala-ut-som-ledare","status":"publish","type":"post","link":"https:\/\/storytellers.se\/?p=2408","title":{"rendered":"Att tala ut som ledare"},"content":{"rendered":"<p>Det finns, \u00e4ven i Sverige, chefer i stora krisdrabbade f\u00f6retag med m\u00e5nga anl\u00e4ggningar som talar ut, i en enda kameratagning, direkt till medarbetarna. De talar om sina k\u00e4nslor och st\u00e4rker faktiskt relationer mitt i krisen.<br \/>\n<strong>David Letterman <\/strong>var otrogen sin hustru p\u00e5 jobbet och blev som en f\u00f6ljd utsatt f\u00f6r en utpressning kring detta. Oavsett moral och skuld kan vem som helst l\u00e4ra av hans s\u00e4tt <em>att tala ut<\/em>. Digital Storytelling i f\u00f6retag och organisationer skulle definitivt kunna f\u00f6rmedla likande monologer ibland. Man beh\u00f6ver ju inte beg\u00e5 harakiri inf\u00f6r kameran som visst l\u00e4r ha h\u00e4nt i Japan vid n\u00e5gra tillf\u00e4llen. Bara s\u00e4g hur det k\u00e4nns. I den meningen \u00e4r Letterman ett exempel:<br \/>\n[youtube http:\/\/www.youtube.com\/watch?v=XXaaKw3jLR0&amp;color1=0xb1b1b1&amp;color2=0xcfcfcf&amp;hl=en&amp;feature=player_embedded&amp;fs=1]<\/p>\n","protected":false},"excerpt":{"rendered":"<p>Det finns, \u00e4ven i Sverige, chefer i stora krisdrabbade f\u00f6retag med m\u00e5nga anl\u00e4ggningar som talar ut, i en enda kameratagning, direkt till medarbetarna. De talar om sina k\u00e4nslor och st\u00e4rker faktiskt relationer mitt i krisen. David Letterman var otrogen sin hustru p\u00e5 jobbet och blev som en f\u00f6ljd utsatt f\u00f6r en utpressning kring detta. Oavsett&#8230;<\/p>\n","protected":false},"author":2,"featured_media":0,"comment_status":"open","ping_status":"closed","sticky":false,"template":"","format":"standard","meta":[],"categories":[2],"tags":[],"_links":{"self":[{"href":"https:\/\/storytellers.se\/index.php?rest_route=\/wp\/v2\/posts\/2408"}],"collection":[{"href":"https:\/\/storytellers.se\/index.php?rest_route=\/wp\/v2\/posts"}],"about":[{"href":"https:\/\/storytellers.se\/index.php?rest_route=\/wp\/v2\/types\/post"}],"author":[{"embeddable":true,"href":"https:\/\/storytellers.se\/index.php?rest_route=\/wp\/v2\/users\/2"}],"replies":[{"embeddable":true,"href":"https:\/\/storytellers.se\/index.php?rest_route=%2Fwp%2Fv2%2Fcomments&post=2408"}],"version-history":[{"count":0,"href":"https:\/\/storytellers.se\/index.php?rest_route=\/wp\/v2\/posts\/2408\/revisions"}],"wp:attachment":[{"href":"https:\/\/storytellers.se\/index.php?rest_route=%2Fwp%2Fv2%2Fmedia&parent=2408"}],"wp:term":[{"taxonomy":"category","embeddable":true,"href":"https:\/\/storytellers.se\/index.php?rest_route=%2Fwp%2Fv2%2Fcategories&post=2408"},{"taxonomy":"post_tag","embeddable":true,"href":"https:\/\/storytellers.se\/index.php?rest_route=%2Fwp%2Fv2%2Ftags&post=2408"}],"curies":[{"name":"wp","href":"https:\/\/api.w.org\/{rel}","templated":true}]}}