{"id":2404,"date":"2009-10-07T18:54:36","date_gmt":"2009-10-07T17:54:36","guid":{"rendered":"http:\/\/heijbel.wordpress.com\/2009\/10\/07\/narmare-400-i-malmo"},"modified":"2009-10-07T18:54:36","modified_gmt":"2009-10-07T17:54:36","slug":"narmare-400-i-malmo","status":"publish","type":"post","link":"https:\/\/storytellers.se\/?p=2404","title":{"rendered":"N\u00e4rmare 400 i Malm\u00f6"},"content":{"rendered":"<p>I dag har jag medverkat i <em>Sydsvenskans Annons\u00f6rsdag 2009<\/em> i Malm\u00f6. I Slagthuset var vi samlade och det var ett heldagsprogram d\u00e4r jag talade under rubriken <em>Storytelling befolkar varum\u00e4rken<\/em>. <strong>Hans Fahl\u00e9n<\/strong> var moderator. Andra talare var <strong>Susanne<\/strong>&#8230;<\/p>\n<p><!--more--><br \/>\n&#8230;<strong>Liljenberg<\/strong>, entrepren\u00f6r och grundare av Granit, <strong>Henrik Larsson-Broman<\/strong>, som talade om hur man skapar sin egen h\u00f6gkonjunktur. <strong>Lars Peter Loeld<\/strong> lekte med deltagarnas sinnen (<em>mindgames<\/em>)  och brittiskf\u00f6dde <strong>Colin Moon<\/strong> h\u00f6ll en av sina sk\u00f6na f\u00f6rest\u00e4llningar om Sverige, svenskarna och spr\u00e5k- och kulturkrockar.<br \/>\nMitt budskap var att alla, fr\u00e5n minsta egenf\u00f6retagare till st\u00f6rsta v\u00e4rldskoncern, har ett kulturkapital i form av ber\u00e4ttelser som kan sk\u00f6rdas  och s\u00e4ttas i arbete. Jag gav dem exempel fr\u00e5n Malm\u00f6 och fr\u00e5n m\u00e5nga andra h\u00e5ll.<br \/>\nMen jag gl\u00f6mde att ber\u00e4tta om v\u00e5rdhunden <strong>Kalas<\/strong> som p\u00e5 ett \u00e4ldreboende i Malm\u00f6 l\u00e4gger sitt huvud i de senilas kn\u00e4n och l\u00e5ter dem klappa honom. Flera av de boende har, tack vare hunden, delvis f\u00e5tt tillbaks sitt spr\u00e5k. Den enda i <em>&#8221;personalen&#8221;<\/em> som de k\u00e4nner igen vid namn \u00e4r hunden Kalas, en flatcoated retriever.<\/p>\n","protected":false},"excerpt":{"rendered":"<p>I dag har jag medverkat i Sydsvenskans Annons\u00f6rsdag 2009 i Malm\u00f6. I Slagthuset var vi samlade och det var ett heldagsprogram d\u00e4r jag talade under rubriken Storytelling befolkar varum\u00e4rken. Hans Fahl\u00e9n var moderator. Andra talare var Susanne&#8230;<\/p>\n","protected":false},"author":2,"featured_media":0,"comment_status":"open","ping_status":"closed","sticky":false,"template":"","format":"standard","meta":[],"categories":[4],"tags":[],"_links":{"self":[{"href":"https:\/\/storytellers.se\/index.php?rest_route=\/wp\/v2\/posts\/2404"}],"collection":[{"href":"https:\/\/storytellers.se\/index.php?rest_route=\/wp\/v2\/posts"}],"about":[{"href":"https:\/\/storytellers.se\/index.php?rest_route=\/wp\/v2\/types\/post"}],"author":[{"embeddable":true,"href":"https:\/\/storytellers.se\/index.php?rest_route=\/wp\/v2\/users\/2"}],"replies":[{"embeddable":true,"href":"https:\/\/storytellers.se\/index.php?rest_route=%2Fwp%2Fv2%2Fcomments&post=2404"}],"version-history":[{"count":0,"href":"https:\/\/storytellers.se\/index.php?rest_route=\/wp\/v2\/posts\/2404\/revisions"}],"wp:attachment":[{"href":"https:\/\/storytellers.se\/index.php?rest_route=%2Fwp%2Fv2%2Fmedia&parent=2404"}],"wp:term":[{"taxonomy":"category","embeddable":true,"href":"https:\/\/storytellers.se\/index.php?rest_route=%2Fwp%2Fv2%2Fcategories&post=2404"},{"taxonomy":"post_tag","embeddable":true,"href":"https:\/\/storytellers.se\/index.php?rest_route=%2Fwp%2Fv2%2Ftags&post=2404"}],"curies":[{"name":"wp","href":"https:\/\/api.w.org\/{rel}","templated":true}]}}