{"id":2396,"date":"2009-10-02T14:01:40","date_gmt":"2009-10-02T13:01:40","guid":{"rendered":"http:\/\/heijbel.wordpress.com\/2009\/10\/02\/mannen-pa-parksoffan"},"modified":"2009-10-02T14:01:40","modified_gmt":"2009-10-02T13:01:40","slug":"mannen-pa-parksoffan","status":"publish","type":"post","link":"https:\/\/storytellers.se\/?p=2396","title":{"rendered":"Mannen p\u00e5 parksoffan"},"content":{"rendered":"<p>I dag har jag tr\u00e4ffat en stor grupp chefer inom ramen f\u00f6r <em>Engagemang Malm\u00f6<\/em>. Jag h\u00f6ll f\u00f6rst en inspirationsf\u00f6rel\u00e4sning och vi genomf\u00f6rde sen en workshop och en storysk\u00f6rd. Dessa chefer har valt att engagera sig och kommer att vara delaktiga i arbetet med att f\u00f6ra storyprojektet i Malm\u00f6 Stad vidare in i organisationen.<br \/>\nSenare i h\u00f6st ska, i ett f\u00f6rsta steg, cirka 1100 chefer involveras i arbetet med att finna Malm\u00f6 Stads nya ber\u00e4ttelser. Bron, Invandringen, Citytunneln, Nedl\u00e4ggningen av Kockums, H\u00f6gskolan etc har givit Malm\u00f6 Stad ett behov av nya tidsanpassade ber\u00e4ttelser fr\u00e5n och om organisationen.<br \/>\nMitt i allt detta hittar vi en liten empatisk ber\u00e4ttelse om en heml\u00f6s, p\u00e5sb\u00e4rande man som bor p\u00e5 en soffa. Han..<\/p>\n<p><!--more--><br \/>\n&#8230;har i m\u00e5nga \u00e5r sovit p\u00e5 sin parksoffa. Han har till och med haft ett litet sn\u00f6re som symboliserat att h\u00e4r \u00e4r gr\u00e4nsen, d\u00f6rren till hans sovplats. Den knyter han morgon och kv\u00e4ll \u00f6ver soffan.<br \/>\n\u00c5ren har g\u00e5tt men mannen p\u00e5 parksoffan har varit kvar. Malm\u00f6 Stad har \u00f6ver hela stan bytt soffmodell till en med en design som \u00e4r mindre liggv\u00e4nlig \u00e4n den gamla men soffmannen har hela tiden haft kvar sin soffa av den gamla sorten.<br \/>\nTill slut blev \u00e4nd\u00e5 soffan s\u00e5 rutten och d\u00e5lig att den knappt h\u00e4ngde ihop. Den riskerade helt enkelt att rasa samman.<br \/>\nD\u00e5 kom Gatukontoret. De h\u00e4mtade upp soffmannens soffa. De bytte ut d\u00e5ligt virke och m\u00e5lade upp den innan de st\u00e4llde tillbaks den p\u00e5 sin vanliga plats.<br \/>\nD\u00e4r ligger nu soffmannen, <em><strong>som vill vara just soffman<\/strong><\/em>, p\u00e5 sin nyrenoverade och nym\u00e5lade soffa av den gamla liggv\u00e4nliga typen.<br \/>\nMalm\u00f6 Stad visar vad man kan n\u00e4r man vill.<\/p>\n","protected":false},"excerpt":{"rendered":"<p>I dag har jag tr\u00e4ffat en stor grupp chefer inom ramen f\u00f6r Engagemang Malm\u00f6. Jag h\u00f6ll f\u00f6rst en inspirationsf\u00f6rel\u00e4sning och vi genomf\u00f6rde sen en workshop och en storysk\u00f6rd. Dessa chefer har valt att engagera sig och kommer att vara delaktiga i arbetet med att f\u00f6ra storyprojektet i Malm\u00f6 Stad vidare in i organisationen. Senare i&#8230;<\/p>\n","protected":false},"author":2,"featured_media":0,"comment_status":"open","ping_status":"closed","sticky":false,"template":"","format":"standard","meta":[],"categories":[2],"tags":[],"_links":{"self":[{"href":"https:\/\/storytellers.se\/index.php?rest_route=\/wp\/v2\/posts\/2396"}],"collection":[{"href":"https:\/\/storytellers.se\/index.php?rest_route=\/wp\/v2\/posts"}],"about":[{"href":"https:\/\/storytellers.se\/index.php?rest_route=\/wp\/v2\/types\/post"}],"author":[{"embeddable":true,"href":"https:\/\/storytellers.se\/index.php?rest_route=\/wp\/v2\/users\/2"}],"replies":[{"embeddable":true,"href":"https:\/\/storytellers.se\/index.php?rest_route=%2Fwp%2Fv2%2Fcomments&post=2396"}],"version-history":[{"count":0,"href":"https:\/\/storytellers.se\/index.php?rest_route=\/wp\/v2\/posts\/2396\/revisions"}],"wp:attachment":[{"href":"https:\/\/storytellers.se\/index.php?rest_route=%2Fwp%2Fv2%2Fmedia&parent=2396"}],"wp:term":[{"taxonomy":"category","embeddable":true,"href":"https:\/\/storytellers.se\/index.php?rest_route=%2Fwp%2Fv2%2Fcategories&post=2396"},{"taxonomy":"post_tag","embeddable":true,"href":"https:\/\/storytellers.se\/index.php?rest_route=%2Fwp%2Fv2%2Ftags&post=2396"}],"curies":[{"name":"wp","href":"https:\/\/api.w.org\/{rel}","templated":true}]}}