{"id":2394,"date":"2009-10-01T20:43:54","date_gmt":"2009-10-01T19:43:54","guid":{"rendered":"http:\/\/heijbel.wordpress.com\/2009\/10\/01\/140-000-besok"},"modified":"2009-10-01T20:43:54","modified_gmt":"2009-10-01T19:43:54","slug":"140-000-besok","status":"publish","type":"post","link":"https:\/\/storytellers.se\/?p=2394","title":{"rendered":"140.000 bes\u00f6k"},"content":{"rendered":"<p>I natt passerar r\u00e4knaren <strong>140.000 bes\u00f6k<\/strong> h\u00e4r p\u00e5 bloggen storytellers.se sen jag b\u00f6rjade. Storytellers.se \u00e4r en av de f\u00f6rsta och d\u00e4rmed \u00e4ldsta svenska f\u00f6retagsbloggarna \u00f6verhuvudtaget. Inte en av de stora men jag har \u00e4nd\u00e5 haft 140.000 bes\u00f6k sen jag startade storytellerbloggen, vilket g\u00f6r den stor och sj\u00e4lvklar bland dem som intresserar sig f\u00f6r de h\u00e4r fr\u00e5gorna. N\u00e4r jag f\u00f6r 10 \u00e5r sedan b\u00f6rjade att ta in begreppen <strong>Corporate Storytelling, Business Narratives och Storytelling in Organizations<\/strong> fr\u00e5n England och Usa var det inte m\u00e5nga som f\u00f6rstod vad det handlade om. Nu finns begreppen&#8230;<\/p>\n<p><!--more--><br \/>\n&#8230;i ky- och h\u00f6gskoleutbildningar h\u00e4r hemma i Sverige ocks\u00e5 och m\u00e5nga anv\u00e4nder numera ordet storytelling i samband med f\u00f6retag och organisationer.<br \/>\nMen f\u00e5 arbetar med det i verkligheten efter n\u00e5gon medveten modell. Mycket snack och lite verkstad, helt enkelt. Ibland verkar det vara hipp som happ, hit och dit. Ett ord f\u00f6r vad som helst. Men inte h\u00e4r p\u00e5 storytellers.se.<br \/>\nDet h\u00e4r kan n\u00e4mligen vara en fungerande modell att utveckla organisationer, att befolka varum\u00e4rket, att f\u00f6rfina marknadsf\u00f6ringen och sk\u00e4rpa rekryteringsprocesser. Det \u00e4r ocks\u00e5 ett utm\u00e4rkt ledarverktyg och ett s\u00e4tt att rusta sig f\u00f6r snacket p\u00e5 den sociala webben. Allt beroende p\u00e5 hur man vill arbeta med storytelling.<br \/>\nEtt sp\u00e4nnande s\u00e4tt \u00e4r att hitta visionsber\u00e4ttelsen som g\u00f6r den t\u00e4nkta framtiden synlig.<br \/>\nEtt annat sp\u00e4nnande s\u00e4tt att regissera verkligheten, som jag brukar kalla det. Det vill s\u00e4ga att man <em>arbetar proaktivt med att utveckla sitt s\u00e4tt att vara<\/em> mot kund och brukare och medarbetare. Sen kan man allts\u00e5 ber\u00e4tta om det, f\u00e5 stories, man har regisserat verkligheten och ber\u00e4ttar om det i storyformat.<br \/>\nJag har modeller och metoder som visar hur man s\u00f6ker, sk\u00f6rdar och anv\u00e4nder storytelling. Jag inspirationsf\u00f6rel\u00e4ser och kan h\u00e5lla i utbildningar \u00e4mnet.<br \/>\nJag arbetar i kommuner, stora och sm\u00e5 privata f\u00f6retag, myndigheter och med enskilda n\u00e4r de vill sk\u00f6rda sitt ber\u00e4ttarkapital och s\u00e4tta det i arbete i anekdotisk form f\u00f6r att bli framg\u00e5ngsrika.<br \/>\nEn typ av fr\u00e5gor som jag f\u00e5r allt oftare \u00e4r hur ber\u00e4ttelser kan ena olika verksamheter som ska samarbeta. Hur ska de kunna enas i en gemensam story under ett projekt eller i samband med fusioner och f\u00f6rv\u00e4rv?<br \/>\nDet verkar som att andra l\u00e4nder ser att vi kan det h\u00e4r i Sverige. P\u00e5 senare \u00e5r har jag kontaktats av m\u00e4nniskor fr\u00e5n flera andra l\u00e4nder. De har inte hittat de h\u00e4r tj\u00e4nsterna i sina heml\u00e4nder. S\u00e5 det \u00e4r bara b\u00f6rjan \u00e4n s\u00e5 l\u00e4nge.<br \/>\nDet finns ocks\u00e5 en ber\u00e4ttarr\u00f6relse i landet som intresserar sig f\u00f6r de gamla ber\u00e4ttelserna, i stor utstr\u00e4ckning fr\u00e5n bondesamh\u00e4llet. Det \u00e4r inte b\u00e4ttre, inte s\u00e4mre bara s\u00e5 annorlunda \u00e4n det som behandlas h\u00e4r. D\u00e4r handlar det om en slags folkloristisk kultur-kultur. H\u00e4r \u00e4r det <strong>f\u00f6retagskulturen<\/strong> som \u00e4r i fokus.<br \/>\nF\u00f6retagskulturen ska jag nu f\u00f6rs\u00f6ka ta in ocks\u00e5 p\u00e5 kultur-kulturscenen. \u00c4ven i f\u00f6retag och organisationer handlar det om livet, d\u00f6den, gud, k\u00e4rleken och ruset.<br \/>\nH\u00e4r p\u00e5 denna blogg och inom Corporate Storytelling-v\u00e4rlden finns verktyg f\u00f6r att skapa framg\u00e5ng och tydlighet i den v\u00e4rld nu levande m\u00e4nniskor befolkar. F\u00f6retagen \u00e4r dagens byar.<br \/>\nOm du allts\u00e5 s\u00f6ker storytelling till ert f\u00f6retag eller er organisation s\u00e5 ska du se till att du inte f\u00e5r en underh\u00e5llare utan en aff\u00e4rsst\u00f6djare och organisationsutvecklare som f\u00f6rst\u00e5r f\u00f6retags- och organisationers villkor. D\u00e5 \u00e4r du inne p\u00e5 <em>Corporate Storytelling-sp\u00e5ret<\/em>.<br \/>\nKontakta mig p\u00e5 <a href=\"mailto:matts@storytellers.se\">matts@storytellers.se<\/a> om du vill h\u00f6ra vad det kan vara f\u00f6r din organisation. Att fr\u00e5ga kostar ingenting.<\/p>\n","protected":false},"excerpt":{"rendered":"<p>I natt passerar r\u00e4knaren 140.000 bes\u00f6k h\u00e4r p\u00e5 bloggen storytellers.se sen jag b\u00f6rjade. Storytellers.se \u00e4r en av de f\u00f6rsta och d\u00e4rmed \u00e4ldsta svenska f\u00f6retagsbloggarna \u00f6verhuvudtaget. Inte en av de stora men jag har \u00e4nd\u00e5 haft 140.000 bes\u00f6k sen jag startade storytellerbloggen, vilket g\u00f6r den stor och sj\u00e4lvklar bland dem som intresserar sig f\u00f6r de h\u00e4r&#8230;<\/p>\n","protected":false},"author":2,"featured_media":0,"comment_status":"open","ping_status":"closed","sticky":false,"template":"","format":"standard","meta":[],"categories":[2],"tags":[],"_links":{"self":[{"href":"https:\/\/storytellers.se\/index.php?rest_route=\/wp\/v2\/posts\/2394"}],"collection":[{"href":"https:\/\/storytellers.se\/index.php?rest_route=\/wp\/v2\/posts"}],"about":[{"href":"https:\/\/storytellers.se\/index.php?rest_route=\/wp\/v2\/types\/post"}],"author":[{"embeddable":true,"href":"https:\/\/storytellers.se\/index.php?rest_route=\/wp\/v2\/users\/2"}],"replies":[{"embeddable":true,"href":"https:\/\/storytellers.se\/index.php?rest_route=%2Fwp%2Fv2%2Fcomments&post=2394"}],"version-history":[{"count":0,"href":"https:\/\/storytellers.se\/index.php?rest_route=\/wp\/v2\/posts\/2394\/revisions"}],"wp:attachment":[{"href":"https:\/\/storytellers.se\/index.php?rest_route=%2Fwp%2Fv2%2Fmedia&parent=2394"}],"wp:term":[{"taxonomy":"category","embeddable":true,"href":"https:\/\/storytellers.se\/index.php?rest_route=%2Fwp%2Fv2%2Fcategories&post=2394"},{"taxonomy":"post_tag","embeddable":true,"href":"https:\/\/storytellers.se\/index.php?rest_route=%2Fwp%2Fv2%2Ftags&post=2394"}],"curies":[{"name":"wp","href":"https:\/\/api.w.org\/{rel}","templated":true}]}}