{"id":2392,"date":"2009-10-01T19:24:56","date_gmt":"2009-10-01T18:24:56","guid":{"rendered":"http:\/\/heijbel.wordpress.com\/2009\/10\/01\/fullt-hos-cityakademin"},"modified":"2009-10-01T19:24:56","modified_gmt":"2009-10-01T18:24:56","slug":"fullt-hos-cityakademin","status":"publish","type":"post","link":"https:\/\/storytellers.se\/?p=2392","title":{"rendered":"Fullt hos Cityakademin"},"content":{"rendered":"<p>I dag har jag varit hos <em>Cityakademin i Malm\u00f6<\/em>. Det var s\u00e5 m\u00e5nga som ville komma och de lyckades inte skaffa st\u00f6rre lokal s\u00e5 de var tvungna att dra ett streck vid 80. Seminariet handlade om <em>Marknadsf\u00f6ringstrender<\/em>. Bland andra talade <a href=\"http:\/\/secondbusiness.blogspot.com\/\"><strong>Beata Wickbom<\/strong><\/a> om sociala medier. <a href=\"http:\/\/sinnesmarknadsforing.se\/\"><strong> <strong>Marcus van Dijk<\/strong> och <strong>Niklas Broweus<\/strong><\/a> talade om Sinnesmarknadsf\u00f6ring och jag talade och gav exempel om Storytelling i marknadsf\u00f6ringen och som varum\u00e4rkesst\u00e4rkare.<\/p>\n","protected":false},"excerpt":{"rendered":"<p>I dag har jag varit hos Cityakademin i Malm\u00f6. Det var s\u00e5 m\u00e5nga som ville komma och de lyckades inte skaffa st\u00f6rre lokal s\u00e5 de var tvungna att dra ett streck vid 80. Seminariet handlade om Marknadsf\u00f6ringstrender. Bland andra talade Beata Wickbom om sociala medier. Marcus van Dijk och Niklas Broweus talade om Sinnesmarknadsf\u00f6ring och&#8230;<\/p>\n","protected":false},"author":2,"featured_media":0,"comment_status":"open","ping_status":"closed","sticky":false,"template":"","format":"standard","meta":[],"categories":[2],"tags":[],"_links":{"self":[{"href":"https:\/\/storytellers.se\/index.php?rest_route=\/wp\/v2\/posts\/2392"}],"collection":[{"href":"https:\/\/storytellers.se\/index.php?rest_route=\/wp\/v2\/posts"}],"about":[{"href":"https:\/\/storytellers.se\/index.php?rest_route=\/wp\/v2\/types\/post"}],"author":[{"embeddable":true,"href":"https:\/\/storytellers.se\/index.php?rest_route=\/wp\/v2\/users\/2"}],"replies":[{"embeddable":true,"href":"https:\/\/storytellers.se\/index.php?rest_route=%2Fwp%2Fv2%2Fcomments&post=2392"}],"version-history":[{"count":0,"href":"https:\/\/storytellers.se\/index.php?rest_route=\/wp\/v2\/posts\/2392\/revisions"}],"wp:attachment":[{"href":"https:\/\/storytellers.se\/index.php?rest_route=%2Fwp%2Fv2%2Fmedia&parent=2392"}],"wp:term":[{"taxonomy":"category","embeddable":true,"href":"https:\/\/storytellers.se\/index.php?rest_route=%2Fwp%2Fv2%2Fcategories&post=2392"},{"taxonomy":"post_tag","embeddable":true,"href":"https:\/\/storytellers.se\/index.php?rest_route=%2Fwp%2Fv2%2Ftags&post=2392"}],"curies":[{"name":"wp","href":"https:\/\/api.w.org\/{rel}","templated":true}]}}