{"id":2388,"date":"2009-09-30T20:16:29","date_gmt":"2009-09-30T19:16:29","guid":{"rendered":"http:\/\/heijbel.wordpress.com\/2009\/09\/30\/ledarskapsarenan-om-paverkan"},"modified":"2009-09-30T20:16:29","modified_gmt":"2009-09-30T19:16:29","slug":"ledarskapsarenan-om-paverkan","status":"publish","type":"post","link":"https:\/\/storytellers.se\/?p=2388","title":{"rendered":"Ledarskapsarenan om p\u00e5verkan"},"content":{"rendered":"<p><strong>Ledarskapsarenan<\/strong> samlar cirka 70 personer i Nyn\u00e4shamn i dag och i morgon. Jag talade i dag om ber\u00e4ttelsernas makt i p\u00e5verkansprocesser. Vill du ha n\u00e5got annat att komma med \u00e4n organisationsbeskrivningar och abstraktioner s\u00e5 f\u00e5r du aktivt s\u00f6ka befolkade ber\u00e4ttelser om viktiga h\u00e4ndelser som speglar vilka ni \u00e4r, var mitt budskap. Ledarskapsarenan arrangeras av <strong>Ideell arena<\/strong> och lockar ledare inom ideel sektor. Starkt motiverade m\u00e4nniskor som kanske ibland har sv\u00e5rt med den emotionella ber\u00e4ttelsen p\u00e5 grund av sin redovisande rapportpr\u00e4glade kultur fick h\u00f6ra argumenten f\u00f6r att prova ett emotionellt ber\u00e4ttande som ett medel att p\u00e5verka och ber\u00f6ra.<\/p>\n","protected":false},"excerpt":{"rendered":"<p>Ledarskapsarenan samlar cirka 70 personer i Nyn\u00e4shamn i dag och i morgon. Jag talade i dag om ber\u00e4ttelsernas makt i p\u00e5verkansprocesser. Vill du ha n\u00e5got annat att komma med \u00e4n organisationsbeskrivningar och abstraktioner s\u00e5 f\u00e5r du aktivt s\u00f6ka befolkade ber\u00e4ttelser om viktiga h\u00e4ndelser som speglar vilka ni \u00e4r, var mitt budskap. Ledarskapsarenan arrangeras av Ideell&#8230;<\/p>\n","protected":false},"author":2,"featured_media":0,"comment_status":"open","ping_status":"closed","sticky":false,"template":"","format":"standard","meta":[],"categories":[4],"tags":[],"_links":{"self":[{"href":"https:\/\/storytellers.se\/index.php?rest_route=\/wp\/v2\/posts\/2388"}],"collection":[{"href":"https:\/\/storytellers.se\/index.php?rest_route=\/wp\/v2\/posts"}],"about":[{"href":"https:\/\/storytellers.se\/index.php?rest_route=\/wp\/v2\/types\/post"}],"author":[{"embeddable":true,"href":"https:\/\/storytellers.se\/index.php?rest_route=\/wp\/v2\/users\/2"}],"replies":[{"embeddable":true,"href":"https:\/\/storytellers.se\/index.php?rest_route=%2Fwp%2Fv2%2Fcomments&post=2388"}],"version-history":[{"count":0,"href":"https:\/\/storytellers.se\/index.php?rest_route=\/wp\/v2\/posts\/2388\/revisions"}],"wp:attachment":[{"href":"https:\/\/storytellers.se\/index.php?rest_route=%2Fwp%2Fv2%2Fmedia&parent=2388"}],"wp:term":[{"taxonomy":"category","embeddable":true,"href":"https:\/\/storytellers.se\/index.php?rest_route=%2Fwp%2Fv2%2Fcategories&post=2388"},{"taxonomy":"post_tag","embeddable":true,"href":"https:\/\/storytellers.se\/index.php?rest_route=%2Fwp%2Fv2%2Ftags&post=2388"}],"curies":[{"name":"wp","href":"https:\/\/api.w.org\/{rel}","templated":true}]}}