{"id":2384,"date":"2009-09-28T11:49:14","date_gmt":"2009-09-28T10:49:14","guid":{"rendered":"http:\/\/heijbel.wordpress.com\/2009\/09\/28\/onskemal-till-boken"},"modified":"2009-09-28T11:49:14","modified_gmt":"2009-09-28T10:49:14","slug":"onskemal-till-boken","status":"publish","type":"post","link":"https:\/\/storytellers.se\/?p=2384","title":{"rendered":"\u00d6nskem\u00e5l till boken"},"content":{"rendered":"<p>Jag har i omg\u00e5ngar p\u00e5 senare \u00e5r sagt att boken som handlar om <em>Storytelling i och om f\u00f6retag och organisationer i praktiken<\/em> ska jag ge ut. Flera av de stora f\u00f6rlagen har flitigt uppvaktat mig om detta under senare \u00e5r men jag har sagt sen, sen, sen&#8230; Eftersom jag har skrivit flera b\u00f6cker tidigare s\u00e5 vet vilket stort jobb det \u00e4r. D\u00e4rf\u00f6r har jag nu tagit hj\u00e4lp av en medf\u00f6rfattare, <strong>Niclas Lindgren<\/strong>. S\u00e5 nu ska..<\/p>\n<p><!--more--><br \/>\n&#8230;den komma till slut. Kanske f\u00e5r vi manus klart under h\u00f6sten.<br \/>\nDet finns en del akademiska b\u00f6cker i \u00e4mnet men nu kommer det att bli en hands-on-bok. Med samma r\u00f6st och tonl\u00e4ge som h\u00e4r p\u00e5 storytellers.se ska Jag inte bara tala om detta jag ska visa hur man g\u00f6r det ocks\u00e5. Ber\u00e4ttelser om hur man anv\u00e4nder ber\u00e4ttelser i praktiken allts\u00e5.<br \/>\nDu som l\u00e4ser det h\u00e4r tillh\u00f6r de m\u00e5nga tusen bes\u00f6kare som jag har varje m\u00e5nad p\u00e5 storytellers.se och jag vill d\u00e4rf\u00f6r be om tips och r\u00e5d och fr\u00e5gor fr\u00e5n dig och andra intresserade.<br \/>\n\u00c4r det n\u00e5got du skulle vilja ha svar p\u00e5 eller som du skulle vilja ha med i boken s\u00e5 ska jag se till att det kommer med. Skriv och \u00f6nska och tipsa mig p\u00e5 <a href=\"mailto:matts@storytellers.se\">matts@storytellers.se<\/a><\/p>\n","protected":false},"excerpt":{"rendered":"<p>Jag har i omg\u00e5ngar p\u00e5 senare \u00e5r sagt att boken som handlar om Storytelling i och om f\u00f6retag och organisationer i praktiken ska jag ge ut. Flera av de stora f\u00f6rlagen har flitigt uppvaktat mig om detta under senare \u00e5r men jag har sagt sen, sen, sen&#8230; Eftersom jag har skrivit flera b\u00f6cker tidigare s\u00e5&#8230;<\/p>\n","protected":false},"author":2,"featured_media":0,"comment_status":"open","ping_status":"closed","sticky":false,"template":"","format":"standard","meta":[],"categories":[9],"tags":[],"_links":{"self":[{"href":"https:\/\/storytellers.se\/index.php?rest_route=\/wp\/v2\/posts\/2384"}],"collection":[{"href":"https:\/\/storytellers.se\/index.php?rest_route=\/wp\/v2\/posts"}],"about":[{"href":"https:\/\/storytellers.se\/index.php?rest_route=\/wp\/v2\/types\/post"}],"author":[{"embeddable":true,"href":"https:\/\/storytellers.se\/index.php?rest_route=\/wp\/v2\/users\/2"}],"replies":[{"embeddable":true,"href":"https:\/\/storytellers.se\/index.php?rest_route=%2Fwp%2Fv2%2Fcomments&post=2384"}],"version-history":[{"count":0,"href":"https:\/\/storytellers.se\/index.php?rest_route=\/wp\/v2\/posts\/2384\/revisions"}],"wp:attachment":[{"href":"https:\/\/storytellers.se\/index.php?rest_route=%2Fwp%2Fv2%2Fmedia&parent=2384"}],"wp:term":[{"taxonomy":"category","embeddable":true,"href":"https:\/\/storytellers.se\/index.php?rest_route=%2Fwp%2Fv2%2Fcategories&post=2384"},{"taxonomy":"post_tag","embeddable":true,"href":"https:\/\/storytellers.se\/index.php?rest_route=%2Fwp%2Fv2%2Ftags&post=2384"}],"curies":[{"name":"wp","href":"https:\/\/api.w.org\/{rel}","templated":true}]}}