{"id":2382,"date":"2009-09-25T12:35:37","date_gmt":"2009-09-25T11:35:37","guid":{"rendered":"http:\/\/heijbel.wordpress.com\/2009\/09\/25\/var-ar-kulturchefen"},"modified":"2009-09-25T12:35:37","modified_gmt":"2009-09-25T11:35:37","slug":"var-ar-kulturchefen","status":"publish","type":"post","link":"https:\/\/storytellers.se\/?p=2382","title":{"rendered":"Var \u00e4r kulturchefen ?"},"content":{"rendered":"<p>F\u00f6r mig \u00e4r ber\u00e4ttelserna i och om en organisation och dess varor och tj\u00e4nster ett kulturkapital. Precis som i alla m\u00e4nskliga sammanhang \u00e4r ber\u00e4ttelserna kulturb\u00e4rare som visar <em>vad vi kan, vad vi vill, vad vi st\u00e5r f\u00f6r och vart vi \u00e4r p\u00e5 v\u00e4g<\/em>. Man kan leta folklore hos en fiskarbefolkning i <strong>Polynesien<\/strong> och man kan leta folklore i administrationen p\u00e5 <strong>Socialstyrelsen<\/strong>. D\u00e5 undrar jag en sak, var \u00e4r&#8230;<\/p>\n<p><!--more--><br \/>\n&#8230;kulturchefen p\u00e5 Socialstyrelsen?<br \/>\nVem ansvarar f\u00f6r att man tar till vara organisationsfolkloren?<br \/>\nJag \u00e4r \u00f6vertygad om att denna fr\u00e5ga, om n\u00e5gra \u00e5r, kommer att f\u00e5 ett tydligare svar \u00e4n den f\u00e5r i dag. Varje f\u00f6retag och varje organisation kommer att f\u00f6rst\u00e5 att det finns ett kulturkapital i form av ber\u00e4ttelser som kan s\u00e4ttas i arbete och som kan g\u00f6ra nytta i marknadsf\u00f6ring, rekrytering, s\u00e4lj och internt kulturcoachande och ledarskap.<br \/>\nDetta \u00e4r n\u00e5got jag hela tiden missionerar om och det \u00e4r en g\u00e5ta att svenskt arbetsliv inte har kommit l\u00e4ngre.<br \/>\nMen nu, n\u00e4r jag jobbar med exempelvis <strong>Malm\u00f6 Stad<\/strong>, s\u00e5 ser jag n\u00e5got fantastiskt. D\u00e4r \u00e4r planen, enligt den brinnande Jalle Lorensson, att alla 20.000 anst\u00e4llda ska involveras i arbetet med att ta fram och ta emot de ber\u00e4ttelser som speglar Malm\u00f6 Stad i dag och i morgon. De kommer att m\u00f6ta tanken och f\u00f6rst\u00e5 kraften i storytelling i och om kommunen.<br \/>\nOch p\u00e5 <strong>Sca<\/strong>, som \u00e4r Europas st\u00f6rsta privata skogs\u00e4gare och dessutom en gigant i hygiensektorn, provar man storytellingverktyget i arbetet med det samlande varum\u00e4rket och med id\u00e9n om hur morgondagens chef b\u00f6r vara.<br \/>\nD\u00e4r \u00e4r storytelling ett viktigt verktyg f\u00f6r att g\u00f6ra mer abstrakta och teoretiska tankar levande och verkliga med hj\u00e4lp av ber\u00e4ttelser baserade p\u00e5 verkliga h\u00e4ndelser.<br \/>\nDe som driver dessa processer \u00e4r i mina \u00f6gon n\u00e5got av de kulturchefer vi kommer att f\u00e5 se s\u00e5 mycket mer av l\u00e4ngre fram.<\/p>\n","protected":false},"excerpt":{"rendered":"<p>F\u00f6r mig \u00e4r ber\u00e4ttelserna i och om en organisation och dess varor och tj\u00e4nster ett kulturkapital. Precis som i alla m\u00e4nskliga sammanhang \u00e4r ber\u00e4ttelserna kulturb\u00e4rare som visar vad vi kan, vad vi vill, vad vi st\u00e5r f\u00f6r och vart vi \u00e4r p\u00e5 v\u00e4g. Man kan leta folklore hos en fiskarbefolkning i Polynesien och man kan&#8230;<\/p>\n","protected":false},"author":2,"featured_media":0,"comment_status":"open","ping_status":"closed","sticky":false,"template":"","format":"standard","meta":[],"categories":[2],"tags":[],"_links":{"self":[{"href":"https:\/\/storytellers.se\/index.php?rest_route=\/wp\/v2\/posts\/2382"}],"collection":[{"href":"https:\/\/storytellers.se\/index.php?rest_route=\/wp\/v2\/posts"}],"about":[{"href":"https:\/\/storytellers.se\/index.php?rest_route=\/wp\/v2\/types\/post"}],"author":[{"embeddable":true,"href":"https:\/\/storytellers.se\/index.php?rest_route=\/wp\/v2\/users\/2"}],"replies":[{"embeddable":true,"href":"https:\/\/storytellers.se\/index.php?rest_route=%2Fwp%2Fv2%2Fcomments&post=2382"}],"version-history":[{"count":0,"href":"https:\/\/storytellers.se\/index.php?rest_route=\/wp\/v2\/posts\/2382\/revisions"}],"wp:attachment":[{"href":"https:\/\/storytellers.se\/index.php?rest_route=%2Fwp%2Fv2%2Fmedia&parent=2382"}],"wp:term":[{"taxonomy":"category","embeddable":true,"href":"https:\/\/storytellers.se\/index.php?rest_route=%2Fwp%2Fv2%2Fcategories&post=2382"},{"taxonomy":"post_tag","embeddable":true,"href":"https:\/\/storytellers.se\/index.php?rest_route=%2Fwp%2Fv2%2Ftags&post=2382"}],"curies":[{"name":"wp","href":"https:\/\/api.w.org\/{rel}","templated":true}]}}