{"id":2376,"date":"2009-09-24T11:30:51","date_gmt":"2009-09-24T10:30:51","guid":{"rendered":"http:\/\/heijbel.wordpress.com\/2009\/09\/24\/hot-eller-mojlighet"},"modified":"2009-09-24T11:30:51","modified_gmt":"2009-09-24T10:30:51","slug":"hot-eller-mojlighet","status":"publish","type":"post","link":"https:\/\/storytellers.se\/?p=2376","title":{"rendered":"Hot eller m\u00f6jlighet ?"},"content":{"rendered":"<p>Det finns f\u00f6retag och organisationer som diskuterar om de sociala medierna inneb\u00e4r hot eller m\u00f6jligheter. En del gammelmedia och monopolkommunikat\u00f6rer \u00e4r uppr\u00f6rda \u00f6ver att deras varum\u00e4rken ockuperas och misshandlas i twitterstormar, youtubeklipp och facebookgrupper.<br \/>\nF\u00f6r mig \u00e4r svaret f\u00f6rst\u00e5s att de sociala medierna kan inneb\u00e4ra b\u00e5de hot och m\u00f6jligheter f\u00f6r f\u00f6retag och organisationer. D\u00e4rf\u00f6r ska man f\u00f6rst\u00e5s delta och eftersom allt i de sociala medierna ytterst handlar om <em>content<\/em>, inneh\u00e5ll, s\u00e5 f\u00e5r man bland annat skaffa sig en vettig repertoar av ber\u00e4ttelser om man vill p\u00e5verka snacket.<br \/>\nD\u00e5 kommer vi in p\u00e5&#8230;<\/p>\n<p><!--more--><br \/>\n&#8230;<em>storytelling i och om f\u00f6retag och organisationer och deras varor och tj\u00e4nster<\/em>.<br \/>\nJag l\u00e4ser s\u00e5 i <a href=\"http:\/\/www.dagensmedia.se\/nyheter\/dig\/article72792.ece\"><strong>Dagens Media<\/strong><\/a> i dag om en europeisk unders\u00f6kning av chefernas syn p\u00e5 att deras medarbetare twittrar och youtubar sig p\u00e5 arbetstid. Svenska chefer \u00e4r r\u00e4dda att detta minskar produktiviteten.<br \/>\nI kommentarerna visas l\u00e4nkar till andra unders\u00f6kningar som p\u00e5st\u00e5r att twittrandet i st\u00e4llet \u00e4r bra eftersom det ger de pauser som beh\u00f6vs f\u00f6r att \u00f6ka koncentration och produktivitet. Det \u00e4r allts\u00e5, enligt vissa, bra att folk deltar i sociala media p\u00e5 arbetstid.<br \/>\nS\u00e5 de arbetsgivare som sp\u00e4rrar och f\u00f6rbjuder och blockerar kanske skjuter sig sj\u00e4lva i foten&#8230;<br \/>\nHur skulle det vara om medarbetarna ist\u00e4llet f\u00f6r att hindras brusa kunde delta och bidra ocks\u00e5 i sitt varum\u00e4rkes skildrande i de sociala medierna. M\u00e5nga skulle s\u00e4kert g\u00f6ra det om de hade n\u00e5gon typ av repertoar av emotionellt kapital i storyformat att anv\u00e4nda.<br \/>\nHur det \u00e4n \u00e4r s\u00e5 finns hela den enorma \u00f6verbyggnad kring planeten som vi kallar sociala media. Antalet &#8221;inv\u00e5nare&#8221; bara i F<em>acebooknationen<\/em> \u00e4r lika stort som hela Usas befolkning. Allts\u00e5 \u00e4r Facebook v\u00e4rlden tredje, fj\u00e4rde st\u00f6rsta befolkning. Vem avst\u00e5r fr\u00e5n att kommunicera med en av v\u00e4rldens st\u00f6rsta befolkningar?<br \/>\n\u2013 Ta bort det d\u00e4r, sa en VD till sin kommunikationschef n\u00e4r det d\u00f6k upp ett Youtubeklipp som han inte gillade eftersom han tyckte att det misshandlade hans varum\u00e4rke..<br \/>\n\u2013 Det g\u00e5r inte, sa kommunikationschefen. Jag kan inte ta bort andras inl\u00e4gg.<br \/>\nUtifr\u00e5n den synpunkten kommer det nu <a href=\"http:\/\/sethgodin.typepad.com\/seths_blog\/2009\/09\/launching-brands-in-public.html#trackback\"><strong>tj\u00e4nster<\/strong><\/a> som g\u00e5r ut p\u00e5 att du ist\u00e4llet prenumererar p\u00e5 den l\u00f6pande sk\u00f6rden av twittrande, bloggande och youtubande kring ditt f\u00f6retag och din organisation.<br \/>\nInte nog med det, tj\u00e4nsten \u00e4r s\u00e5 designad att du p\u00e5 samma sida kan ge f\u00f6retagets synpunkter p\u00e5 det som s\u00e4gs. Det ska vara i ett eget utrymme som du prenumererar p\u00e5 om jag f\u00f6rst\u00e5tt det hela r\u00e4tt. Det \u00e4r det som \u00e4r webbentrepren\u00f6rens aff\u00e4rsid\u00e9.<br \/>\nDet inneb\u00e4r att f\u00f6retaget eller organisationen m\u00f6ter twittrandet och bloggandet och youtubandet p\u00e5 en och samma webbplats och bjuder av bara farten in b\u00e5de fans och antagonister.<br \/>\nDet tycker jag verkar vara ett bra s\u00e4tt att hantera fr\u00e5gan om hot eller m\u00f6jlighet n\u00e4r det g\u00e4ller de sociala medierna.<br \/>\nSom storyteller s\u00e5 s\u00e4ger jag f\u00f6rst\u00e5s envist: <strong><em>Vill du p\u00e5verka snacket s\u00e5 lyssna och delta och leverera emotionella bilder i storyformat om meningen med att din verksamhet finns till<\/em><\/strong>.<\/p>\n","protected":false},"excerpt":{"rendered":"<p>Det finns f\u00f6retag och organisationer som diskuterar om de sociala medierna inneb\u00e4r hot eller m\u00f6jligheter. En del gammelmedia och monopolkommunikat\u00f6rer \u00e4r uppr\u00f6rda \u00f6ver att deras varum\u00e4rken ockuperas och misshandlas i twitterstormar, youtubeklipp och facebookgrupper. F\u00f6r mig \u00e4r svaret f\u00f6rst\u00e5s att de sociala medierna kan inneb\u00e4ra b\u00e5de hot och m\u00f6jligheter f\u00f6r f\u00f6retag och organisationer. D\u00e4rf\u00f6r ska&#8230;<\/p>\n","protected":false},"author":2,"featured_media":0,"comment_status":"open","ping_status":"closed","sticky":false,"template":"","format":"standard","meta":[],"categories":[2],"tags":[],"_links":{"self":[{"href":"https:\/\/storytellers.se\/index.php?rest_route=\/wp\/v2\/posts\/2376"}],"collection":[{"href":"https:\/\/storytellers.se\/index.php?rest_route=\/wp\/v2\/posts"}],"about":[{"href":"https:\/\/storytellers.se\/index.php?rest_route=\/wp\/v2\/types\/post"}],"author":[{"embeddable":true,"href":"https:\/\/storytellers.se\/index.php?rest_route=\/wp\/v2\/users\/2"}],"replies":[{"embeddable":true,"href":"https:\/\/storytellers.se\/index.php?rest_route=%2Fwp%2Fv2%2Fcomments&post=2376"}],"version-history":[{"count":0,"href":"https:\/\/storytellers.se\/index.php?rest_route=\/wp\/v2\/posts\/2376\/revisions"}],"wp:attachment":[{"href":"https:\/\/storytellers.se\/index.php?rest_route=%2Fwp%2Fv2%2Fmedia&parent=2376"}],"wp:term":[{"taxonomy":"category","embeddable":true,"href":"https:\/\/storytellers.se\/index.php?rest_route=%2Fwp%2Fv2%2Fcategories&post=2376"},{"taxonomy":"post_tag","embeddable":true,"href":"https:\/\/storytellers.se\/index.php?rest_route=%2Fwp%2Fv2%2Ftags&post=2376"}],"curies":[{"name":"wp","href":"https:\/\/api.w.org\/{rel}","templated":true}]}}