{"id":2372,"date":"2009-09-22T14:28:59","date_gmt":"2009-09-22T13:28:59","guid":{"rendered":"http:\/\/heijbel.wordpress.com\/2009\/09\/22\/storytelling-och-ledarskap"},"modified":"2009-09-22T14:28:59","modified_gmt":"2009-09-22T13:28:59","slug":"storytelling-och-ledarskap","status":"publish","type":"post","link":"https:\/\/storytellers.se\/?p=2372","title":{"rendered":"Storytelling och ledarskap"},"content":{"rendered":"<p>M\u00e5nga ledare beskriver framtiden i abstrakta bilder, ofta i form av pilar och boxar och diagram som pekar \u00e5t det ena eller andra h\u00e5llet. Som om organisationen inte bestod av m\u00e4nniskor utan snarare var n\u00e5gons slags maskin eller n\u00e5got system skildrad i en spr\u00e4ngskiss.<br \/>\nI v\u00e4rsta fall har ledaren redan sedan l\u00e4nge tumlat dessa bilder och skisser med andra ledare innan de ska &#8221;<em>implementeras<\/em>&#8221; i medarbetarna. Sen undrar de varf\u00f6r medarbetarna inte f\u00f6rst\u00e5r trots en genomg\u00e5ng p\u00e5 20 minuter.<br \/>\nH\u00e4r beh\u00f6vs&#8230;<\/p>\n<p><!--more--><br \/>\n&#8230;sammanhang och beskrivningar av h\u00e4ndelser som g\u00f6r verkligheten begriplig och framtidens m\u00f6jligheter synliga. Storytelling har verktyg att ta fram dessa bilder. Ledarna kan med hj\u00e4lp av storytelling komma ned fr\u00e5n lianerna och trapetserna och ut ur power pointeriets snitslade banor. De kan b\u00f6rja kommunicera <strong>ocks\u00e5 emotionellt<\/strong>.<br \/>\nVi beh\u00f6ver alla mening och sammanhang. Var kommer vi ifr\u00e5n, var befinner vi oss? Vart \u00e4r vi p\u00e5 v\u00e4g? Vad menas? Vad \u00f6nskas? Vad kan vi? Vad f\u00e5r vi? N\u00e4r \u00e4r vi som b\u00e4st? Vilka \u00e4r organisationens viktigaste \u00f6gonblick.<br \/>\nLedare som skaffar sig repertoarer av ber\u00e4ttelser visar respekt f\u00f6r medarbetare och kunder. De f\u00e5r dessutom ber\u00e4ttelser tillbaks. <em>Den som ger ber\u00e4ttelser f\u00e5r ber\u00e4ttelser<\/em>.<br \/>\nEn organisation som inte anv\u00e4nder sig av dessa grundl\u00e4ggande m\u00e4nskliga kommunikationss\u00e4tt g\u00f6r det helt enkelt on\u00f6digt mycket sv\u00e5rare att n\u00e5 dit man vill.<br \/>\nJag som tr\u00e4ffar s\u00e5 m\u00e5nga ledare f\u00f6rundras vad snabbt och sj\u00e4lvklart dessa insikter g\u00e5r att f\u00e5 fram. Sen kan man sk\u00f6rda, f\u00f6rpacka och s\u00e4tta ber\u00e4ttelserna i arbete.<br \/>\nOrganisationer beh\u00f6ver faktuella och logiska styrinstrument. Men utan befolkade ber\u00e4ttelser klingar det tomt. S\u00e5 ta tag ocks\u00e5 i er emotionella kommunikation om ni vill stimulera ett gott och effektivt ledarskap.<br \/>\nP\u00e5 toppen kan det beh\u00f6vas en och annan <strong>VB<\/strong> ocks\u00e5. <strong>VD<\/strong>:ar har vi gott om men svenskt arbetsliv skulle m\u00e5 gott av att rekrytera fler VB:ar, allts\u00e5 fler <em>Verkst\u00e4llande Ber\u00e4ttare<\/em> f\u00f6r att leda organisationerna till framg\u00e5ng.<\/p>\n","protected":false},"excerpt":{"rendered":"<p>M\u00e5nga ledare beskriver framtiden i abstrakta bilder, ofta i form av pilar och boxar och diagram som pekar \u00e5t det ena eller andra h\u00e5llet. Som om organisationen inte bestod av m\u00e4nniskor utan snarare var n\u00e5gons slags maskin eller n\u00e5got system skildrad i en spr\u00e4ngskiss. I v\u00e4rsta fall har ledaren redan sedan l\u00e4nge tumlat dessa bilder&#8230;<\/p>\n","protected":false},"author":2,"featured_media":0,"comment_status":"open","ping_status":"closed","sticky":false,"template":"","format":"standard","meta":[],"categories":[2],"tags":[],"_links":{"self":[{"href":"https:\/\/storytellers.se\/index.php?rest_route=\/wp\/v2\/posts\/2372"}],"collection":[{"href":"https:\/\/storytellers.se\/index.php?rest_route=\/wp\/v2\/posts"}],"about":[{"href":"https:\/\/storytellers.se\/index.php?rest_route=\/wp\/v2\/types\/post"}],"author":[{"embeddable":true,"href":"https:\/\/storytellers.se\/index.php?rest_route=\/wp\/v2\/users\/2"}],"replies":[{"embeddable":true,"href":"https:\/\/storytellers.se\/index.php?rest_route=%2Fwp%2Fv2%2Fcomments&post=2372"}],"version-history":[{"count":0,"href":"https:\/\/storytellers.se\/index.php?rest_route=\/wp\/v2\/posts\/2372\/revisions"}],"wp:attachment":[{"href":"https:\/\/storytellers.se\/index.php?rest_route=%2Fwp%2Fv2%2Fmedia&parent=2372"}],"wp:term":[{"taxonomy":"category","embeddable":true,"href":"https:\/\/storytellers.se\/index.php?rest_route=%2Fwp%2Fv2%2Fcategories&post=2372"},{"taxonomy":"post_tag","embeddable":true,"href":"https:\/\/storytellers.se\/index.php?rest_route=%2Fwp%2Fv2%2Ftags&post=2372"}],"curies":[{"name":"wp","href":"https:\/\/api.w.org\/{rel}","templated":true}]}}