{"id":2370,"date":"2009-09-21T15:57:14","date_gmt":"2009-09-21T14:57:14","guid":{"rendered":"http:\/\/heijbel.wordpress.com\/2009\/09\/21\/dags-for-veckans-spabehandling"},"modified":"2009-09-21T15:57:14","modified_gmt":"2009-09-21T14:57:14","slug":"dags-for-veckans-spabehandling","status":"publish","type":"post","link":"https:\/\/storytellers.se\/?p=2370","title":{"rendered":"Dags f\u00f6r veckans Spabehandling"},"content":{"rendered":"<p>I dag i <strong>Malm\u00f6<\/strong> fick jag h\u00f6ra en av dessa underbara sm\u00e5 omsorgsber\u00e4ttelser som det finns gott om i kommunal verksamhet. Det var i den kommunala hemtj\u00e4nsten som en ny medarbetare f\u00f6r f\u00f6rsta g\u00e5ngen skulle till en kvinna som alltid v\u00e4grade duscha trots att hon hade den r\u00e4tten.<br \/>\n\u2013 Du kommer aldrig att lyckas f\u00e5 duscha henne det har inte g\u00e5tt p\u00e5&#8230;<\/p>\n<p><!--more--><br \/>\n&#8230;flera \u00e5r. Bara s\u00e5 du vet sa arbetsledaren.<br \/>\nHan funderade p\u00e5 v\u00e4gen dit hur han skulle hantera tanten som inte ville duscha. Sen drog ett leende \u00f6ver hans l\u00e4ppar. Han trodde att han att han hade kommit p\u00e5 en l\u00f6sning.<br \/>\nN\u00e4r han hade ordnat med maten och st\u00e4dningen var det dags f\u00f6r duschen. D\u00e5 sa han s\u00e5 h\u00e4r:<br \/>\n\u2013 Nu var det dags f\u00f6r veckans Spa, sa han. Om du g\u00f6r dig i ordning s\u00e5 t\u00e4nder jag ett ljus och s\u00e4tter p\u00e5 lite musik.<br \/>\nKvinnan tittade stor\u00f6gt p\u00e5 honom men gjorde som han sa.<br \/>\nInne i duschrummet str\u00f6mmade ljuv musik och ett doftljus kastade sm\u00e5 skuggor mot v\u00e4ggen. Han hj\u00e4lpte kvinnan att Spaduscha och hade n\u00e5gra v\u00e4ldoftande oljor med sig.<br \/>\n\u2013 Sedan den dagen \u00e4r veckans Spabehandling h\u00f6jdpunkten f\u00f6r kvinna som v\u00e4grade duscha.<\/p>\n","protected":false},"excerpt":{"rendered":"<p>I dag i Malm\u00f6 fick jag h\u00f6ra en av dessa underbara sm\u00e5 omsorgsber\u00e4ttelser som det finns gott om i kommunal verksamhet. Det var i den kommunala hemtj\u00e4nsten som en ny medarbetare f\u00f6r f\u00f6rsta g\u00e5ngen skulle till en kvinna som alltid v\u00e4grade duscha trots att hon hade den r\u00e4tten. \u2013 Du kommer aldrig att lyckas f\u00e5&#8230;<\/p>\n","protected":false},"author":2,"featured_media":0,"comment_status":"open","ping_status":"closed","sticky":false,"template":"","format":"standard","meta":[],"categories":[10],"tags":[],"_links":{"self":[{"href":"https:\/\/storytellers.se\/index.php?rest_route=\/wp\/v2\/posts\/2370"}],"collection":[{"href":"https:\/\/storytellers.se\/index.php?rest_route=\/wp\/v2\/posts"}],"about":[{"href":"https:\/\/storytellers.se\/index.php?rest_route=\/wp\/v2\/types\/post"}],"author":[{"embeddable":true,"href":"https:\/\/storytellers.se\/index.php?rest_route=\/wp\/v2\/users\/2"}],"replies":[{"embeddable":true,"href":"https:\/\/storytellers.se\/index.php?rest_route=%2Fwp%2Fv2%2Fcomments&post=2370"}],"version-history":[{"count":0,"href":"https:\/\/storytellers.se\/index.php?rest_route=\/wp\/v2\/posts\/2370\/revisions"}],"wp:attachment":[{"href":"https:\/\/storytellers.se\/index.php?rest_route=%2Fwp%2Fv2%2Fmedia&parent=2370"}],"wp:term":[{"taxonomy":"category","embeddable":true,"href":"https:\/\/storytellers.se\/index.php?rest_route=%2Fwp%2Fv2%2Fcategories&post=2370"},{"taxonomy":"post_tag","embeddable":true,"href":"https:\/\/storytellers.se\/index.php?rest_route=%2Fwp%2Fv2%2Ftags&post=2370"}],"curies":[{"name":"wp","href":"https:\/\/api.w.org\/{rel}","templated":true}]}}