{"id":2368,"date":"2009-09-20T18:05:16","date_gmt":"2009-09-20T17:05:16","guid":{"rendered":"http:\/\/heijbel.wordpress.com\/2009\/09\/20\/trana-pa-barnen-3"},"modified":"2009-09-20T18:05:16","modified_gmt":"2009-09-20T17:05:16","slug":"trana-pa-barnen-3","status":"publish","type":"post","link":"https:\/\/storytellers.se\/?p=2368","title":{"rendered":"Tr\u00e4na p\u00e5 barnen"},"content":{"rendered":"<p>Mina yngsta barn \u00e4r i dag i \u00f6vre ton\u00e5ren. N\u00e4r de var sm\u00e5 var jag s\u00e5 hj\u00e4rtinnerligen tr\u00f6tt p\u00e5 att l\u00e4sa sagor. Dessutom somnade jag ofta mitt i en mening n\u00e4r jag gick igenom det Disneyfierade <strong>Grimm<\/strong> och <strong>HC Andersenarvet<\/strong>. D\u00e5 b\u00f6rjade jag ist\u00e4llet ber\u00e4tta om h\u00e4ndelser i mitt liv. Jag m\u00e5lade och beskrev men lj\u00f6g aldrig. Jag vek inte undan fr\u00e5n sv\u00e5ra h\u00e4ndelser och obehagliga episoder. Detta byggde en stark relation som gjort oss n\u00e4ra varandra. De ber\u00e4ttar ocks\u00e5 sj\u00e4lva mycket och g\u00e4rna. S\u00e5 tr\u00e4na p\u00e5 barnen.<\/p>\n","protected":false},"excerpt":{"rendered":"<p>Mina yngsta barn \u00e4r i dag i \u00f6vre ton\u00e5ren. N\u00e4r de var sm\u00e5 var jag s\u00e5 hj\u00e4rtinnerligen tr\u00f6tt p\u00e5 att l\u00e4sa sagor. Dessutom somnade jag ofta mitt i en mening n\u00e4r jag gick igenom det Disneyfierade Grimm och HC Andersenarvet. D\u00e5 b\u00f6rjade jag ist\u00e4llet ber\u00e4tta om h\u00e4ndelser i mitt liv. Jag m\u00e5lade och beskrev men&#8230;<\/p>\n","protected":false},"author":2,"featured_media":0,"comment_status":"open","ping_status":"closed","sticky":false,"template":"","format":"standard","meta":[],"categories":[2],"tags":[],"_links":{"self":[{"href":"https:\/\/storytellers.se\/index.php?rest_route=\/wp\/v2\/posts\/2368"}],"collection":[{"href":"https:\/\/storytellers.se\/index.php?rest_route=\/wp\/v2\/posts"}],"about":[{"href":"https:\/\/storytellers.se\/index.php?rest_route=\/wp\/v2\/types\/post"}],"author":[{"embeddable":true,"href":"https:\/\/storytellers.se\/index.php?rest_route=\/wp\/v2\/users\/2"}],"replies":[{"embeddable":true,"href":"https:\/\/storytellers.se\/index.php?rest_route=%2Fwp%2Fv2%2Fcomments&post=2368"}],"version-history":[{"count":0,"href":"https:\/\/storytellers.se\/index.php?rest_route=\/wp\/v2\/posts\/2368\/revisions"}],"wp:attachment":[{"href":"https:\/\/storytellers.se\/index.php?rest_route=%2Fwp%2Fv2%2Fmedia&parent=2368"}],"wp:term":[{"taxonomy":"category","embeddable":true,"href":"https:\/\/storytellers.se\/index.php?rest_route=%2Fwp%2Fv2%2Fcategories&post=2368"},{"taxonomy":"post_tag","embeddable":true,"href":"https:\/\/storytellers.se\/index.php?rest_route=%2Fwp%2Fv2%2Ftags&post=2368"}],"curies":[{"name":"wp","href":"https:\/\/api.w.org\/{rel}","templated":true}]}}