{"id":2366,"date":"2009-09-18T11:02:25","date_gmt":"2009-09-18T10:02:25","guid":{"rendered":"http:\/\/heijbel.wordpress.com\/2009\/09\/18\/foretagskultur-pa-kulturscenen"},"modified":"2009-09-18T11:02:25","modified_gmt":"2009-09-18T10:02:25","slug":"foretagskultur-pa-kulturscenen","status":"publish","type":"post","link":"https:\/\/storytellers.se\/?p=2366","title":{"rendered":"F\u00f6retagskultur p\u00e5 kulturscenen?"},"content":{"rendered":"<p>M\u00e5nga av de kulturb\u00e4rande ber\u00e4ttelser som jag hittar i mina uppdrag i privat och offentlig sektor \u00e4r s\u00e5 starka, gripande och roande att de ocks\u00e5 tillfredsst\u00e4ller h\u00f6gt st\u00e4llda krav p\u00e5 kulturupplevelse och underh\u00e5llning.<br \/>\nJag tar d\u00e4rf\u00f6r kontakt med teaterscener f\u00f6r att se om n\u00e4ringslivskulturen kan f\u00e5 komma till kulturkulturens scen ist\u00e4llet f\u00f6r kulturkulturen till n\u00e4ringslivsarenan, vilket ju inte alltid \u00e4r s\u00e5 l\u00e4tt.<br \/>\nJag tror att vi kan f\u00e5 se <em>Corporate Storytelling<\/em> p\u00e5 scenen kanske medan en stolt publik best\u00e5ende av g\u00e4ster fr\u00e5n arbetslivet smuttar p\u00e5 ett glas vin.<br \/>\nDe blir p\u00e5minda om vilka kulturv\u00e4rden de faktiskt b\u00e4r i de organisationer d\u00e4r de tillbringar sin arbetstid.<br \/>\nEn g\u00e5ng, jag menar i bondesamh\u00e4llet, var ju trots allt arbete och kultur delar av samma vardag.<br \/>\nDetta kan bli bra komplement till <strong>Ibsen<\/strong> och <strong>Strindberg<\/strong> eller modernare dramatiker som <strong>Kristina Lugn<\/strong> och <strong>Sara Kadefors<\/strong>. Eller st\u00e5uppare som <strong>Schyffert<\/strong>, <strong>H\u00e4ckner<\/strong> eller iransk-svenska <strong>Zinat Pirsadeh<\/strong>.<br \/>\nMen i Corporate Stories \u00e4r det inte artisten som st\u00e5r i centrum det \u00e4r ber\u00e4ttelsen fr\u00e5n arbetslivet.<br \/>\n\u00d6ppnar sig m\u00f6jligheten s\u00e5 engagerar jag mig g\u00e4rna.<\/p>\n","protected":false},"excerpt":{"rendered":"<p>M\u00e5nga av de kulturb\u00e4rande ber\u00e4ttelser som jag hittar i mina uppdrag i privat och offentlig sektor \u00e4r s\u00e5 starka, gripande och roande att de ocks\u00e5 tillfredsst\u00e4ller h\u00f6gt st\u00e4llda krav p\u00e5 kulturupplevelse och underh\u00e5llning. Jag tar d\u00e4rf\u00f6r kontakt med teaterscener f\u00f6r att se om n\u00e4ringslivskulturen kan f\u00e5 komma till kulturkulturens scen ist\u00e4llet f\u00f6r kulturkulturen till n\u00e4ringslivsarenan,&#8230;<\/p>\n","protected":false},"author":2,"featured_media":0,"comment_status":"open","ping_status":"closed","sticky":false,"template":"","format":"standard","meta":[],"categories":[9],"tags":[],"_links":{"self":[{"href":"https:\/\/storytellers.se\/index.php?rest_route=\/wp\/v2\/posts\/2366"}],"collection":[{"href":"https:\/\/storytellers.se\/index.php?rest_route=\/wp\/v2\/posts"}],"about":[{"href":"https:\/\/storytellers.se\/index.php?rest_route=\/wp\/v2\/types\/post"}],"author":[{"embeddable":true,"href":"https:\/\/storytellers.se\/index.php?rest_route=\/wp\/v2\/users\/2"}],"replies":[{"embeddable":true,"href":"https:\/\/storytellers.se\/index.php?rest_route=%2Fwp%2Fv2%2Fcomments&post=2366"}],"version-history":[{"count":0,"href":"https:\/\/storytellers.se\/index.php?rest_route=\/wp\/v2\/posts\/2366\/revisions"}],"wp:attachment":[{"href":"https:\/\/storytellers.se\/index.php?rest_route=%2Fwp%2Fv2%2Fmedia&parent=2366"}],"wp:term":[{"taxonomy":"category","embeddable":true,"href":"https:\/\/storytellers.se\/index.php?rest_route=%2Fwp%2Fv2%2Fcategories&post=2366"},{"taxonomy":"post_tag","embeddable":true,"href":"https:\/\/storytellers.se\/index.php?rest_route=%2Fwp%2Fv2%2Ftags&post=2366"}],"curies":[{"name":"wp","href":"https:\/\/api.w.org\/{rel}","templated":true}]}}