{"id":2364,"date":"2009-09-17T16:09:42","date_gmt":"2009-09-17T15:09:42","guid":{"rendered":"http:\/\/heijbel.wordpress.com\/2009\/09\/17\/nu-kommer-malmo-stad"},"modified":"2009-09-17T16:09:42","modified_gmt":"2009-09-17T15:09:42","slug":"nu-kommer-malmo-stad","status":"publish","type":"post","link":"https:\/\/storytellers.se\/?p=2364","title":{"rendered":"Nu kommer Malm\u00f6 Stad"},"content":{"rendered":"<p><strong>Malm\u00f6 Stad<\/strong> ska anv\u00e4nda storytellingmetoder i sitt v\u00e4rdegrundsarbete. Inom ramen f\u00f6r <em>Engagemang f\u00f6r Malm\u00f6<\/em> b\u00f6rjar vi nu p\u00e5 m\u00e5ndag. Jag ska tr\u00e4ffa de f\u00f6rsta 25 dialogledarna och inviga dem i storytellingens och storylisteningens underbara v\u00e4rld.<br \/>\nI m\u00e5nadsskiftet sept\/okt ska jag tr\u00e4ffa 25 till och med dessa som st\u00f6d ska sen projektledaren <strong>Jalle Lorensson<\/strong> (<em>Wilmer X-jalle faktiskt<\/em>) g\u00e5 vidare med alla de 1100 malm\u00f6cheferna som sen ska f\u00f6ra tanken vidare, \u00e4r det t\u00e4nkt.<br \/>\nEtt brett ambiti\u00f6st projekt som blir sp\u00e4nnande att f\u00f6lja. Malm\u00f6 har ju f\u00f6r\u00e4ndrats starkt de senaste 30 \u00e5ren och s\u00f6ker nu sina viktigaste ber\u00e4ttelser f\u00f6r att g\u00e5 vidare in i framtiden. Jag ska g\u00f6ra  jag kan f\u00f6r att s\u00e4tta dem p\u00e5 s\u00f6ksp\u00e5ret och visa dem verktygen.<\/p>\n","protected":false},"excerpt":{"rendered":"<p>Malm\u00f6 Stad ska anv\u00e4nda storytellingmetoder i sitt v\u00e4rdegrundsarbete. Inom ramen f\u00f6r Engagemang f\u00f6r Malm\u00f6 b\u00f6rjar vi nu p\u00e5 m\u00e5ndag. Jag ska tr\u00e4ffa de f\u00f6rsta 25 dialogledarna och inviga dem i storytellingens och storylisteningens underbara v\u00e4rld. I m\u00e5nadsskiftet sept\/okt ska jag tr\u00e4ffa 25 till och med dessa som st\u00f6d ska sen projektledaren Jalle Lorensson (Wilmer X-jalle&#8230;<\/p>\n","protected":false},"author":2,"featured_media":0,"comment_status":"open","ping_status":"closed","sticky":false,"template":"","format":"standard","meta":[],"categories":[9],"tags":[],"_links":{"self":[{"href":"https:\/\/storytellers.se\/index.php?rest_route=\/wp\/v2\/posts\/2364"}],"collection":[{"href":"https:\/\/storytellers.se\/index.php?rest_route=\/wp\/v2\/posts"}],"about":[{"href":"https:\/\/storytellers.se\/index.php?rest_route=\/wp\/v2\/types\/post"}],"author":[{"embeddable":true,"href":"https:\/\/storytellers.se\/index.php?rest_route=\/wp\/v2\/users\/2"}],"replies":[{"embeddable":true,"href":"https:\/\/storytellers.se\/index.php?rest_route=%2Fwp%2Fv2%2Fcomments&post=2364"}],"version-history":[{"count":0,"href":"https:\/\/storytellers.se\/index.php?rest_route=\/wp\/v2\/posts\/2364\/revisions"}],"wp:attachment":[{"href":"https:\/\/storytellers.se\/index.php?rest_route=%2Fwp%2Fv2%2Fmedia&parent=2364"}],"wp:term":[{"taxonomy":"category","embeddable":true,"href":"https:\/\/storytellers.se\/index.php?rest_route=%2Fwp%2Fv2%2Fcategories&post=2364"},{"taxonomy":"post_tag","embeddable":true,"href":"https:\/\/storytellers.se\/index.php?rest_route=%2Fwp%2Fv2%2Ftags&post=2364"}],"curies":[{"name":"wp","href":"https:\/\/api.w.org\/{rel}","templated":true}]}}