{"id":2362,"date":"2009-09-16T15:44:50","date_gmt":"2009-09-16T14:44:50","guid":{"rendered":"http:\/\/heijbel.wordpress.com\/2009\/09\/16\/fredspengar-till-storytelling"},"modified":"2009-09-16T15:44:50","modified_gmt":"2009-09-16T14:44:50","slug":"fredspengar-till-storytelling","status":"publish","type":"post","link":"https:\/\/storytellers.se\/?p=2362","title":{"rendered":"Fredspengar till storytelling"},"content":{"rendered":"<p><strong>Folke Bernadotteakademin<\/strong> ska utveckla Sveriges m\u00f6jligheter inom konflikt- och krishantering, s\u00e4rskilt fredsinsatser. F\u00f6r detta delar de bl a ut pengar f\u00f6r fredsbefr\u00e4mjande utveckling. Nu har <strong>F\u00f6reningen ALBA &#8211; Allians f\u00f6r L\u00e4kande Ber\u00e4ttande i Norden<\/strong> f\u00e5tt 100.000 sek f\u00f6r att arbeta med <em>ALBA Fredsprojekt, Storytelling as a Pathway to Peace<\/em>. Tanken \u00e4r, enligt Alba, att de ska kombinera story-<em>telling<\/em> med story-<em>listening<\/em> i arbetet med att s\u00f6ka och finna fred. Till v\u00e5ren deltar de i <em>Healing Words Festival<\/em> i Israel. <strong><em>We have&#8230;<\/em><\/strong><\/p>\n<p><!--more--><br \/>\n&#8230;<strong><em>the power to explore with our imagination fresh possibilities, to create new worlds, to tell a different story.<\/em><\/strong><br \/>\nFestivalfolket skriver <em><strong>worlds<\/strong><\/em> i citatet, jag undrar om de inte menar <em><strong>words<\/strong><\/em>&#8230;Det vore i alla fall mer storytellingaktigt.<br \/>\n<em>(Inger Lise Oerlich har nu efter\u00e5t ber\u00e4ttat f\u00f6r mig att det ska vara worlds. Det \u00e4r r\u00e4tt klurigt n\u00e4r man b\u00f6rjar leka med orden word, world, sword. Det skall vara worlds. Words create worlds, s\u00e4ger Inger Lise.)<\/em><br \/>\nHon forts\u00e4tter med dessa t\u00e4nkv\u00e4rda ord:<br \/>\n<em>Storytelling \u00e4r inte enbart en yttre aktivitet d\u00e4r man ber\u00e4ttar. Den osynliga delen \u00e4r vad som p\u00e5g\u00e5r inne i m\u00e4nniskan, v\u00e5r f\u00f6rm\u00e5ga att f\u00f6rest\u00e4lla oss, v\u00e4rldar. Dessa sammantagna utg\u00f6r en helhet. <\/em><br \/>\nJag sj\u00e4lv har f\u00f6r \u00f6vrigt haft uppdrag fr\u00e5n flera NGOs och insamlings- och v\u00e4rderingsorganisationer. \u00c4ven f\u00f6retag med terapeutiska tj\u00e4nser. Det sl\u00e5r mig d\u00e5 att de ofta befinner sig i en faktuell redovisnings- och rapportkultur. Ibland kanske f\u00f6r att de tycker de m\u00e5ste redovisa f\u00f6r dem som ger dem pengar. Det \u00e4r klart de ska, fr\u00e5gan \u00e4r om de ocks\u00e5 kan ha en emotionell redovisning, exempelvis i form av stories om h\u00e4ndelser som visar nyttan med att de finns.<br \/>\nN\u00e4r man d\u00e5 s\u00e4tter sig i workshop omed dessa organisationer och s\u00f6ker de befolkade emotionella ber\u00e4ttelserna fr\u00e5n magiska \u00f6gonblick. D\u00e5 \u00e4r man, tror jag, en god bit p\u00e5 v\u00e4g i riktning mot fredsarbetet. Detta sk\u00f6rdande fungerar, jag vet eftersom jag varit med om detta flera g\u00e5nger.<\/p>\n","protected":false},"excerpt":{"rendered":"<p>Folke Bernadotteakademin ska utveckla Sveriges m\u00f6jligheter inom konflikt- och krishantering, s\u00e4rskilt fredsinsatser. F\u00f6r detta delar de bl a ut pengar f\u00f6r fredsbefr\u00e4mjande utveckling. Nu har F\u00f6reningen ALBA &#8211; Allians f\u00f6r L\u00e4kande Ber\u00e4ttande i Norden f\u00e5tt 100.000 sek f\u00f6r att arbeta med ALBA Fredsprojekt, Storytelling as a Pathway to Peace. Tanken \u00e4r, enligt Alba, att de&#8230;<\/p>\n","protected":false},"author":2,"featured_media":0,"comment_status":"open","ping_status":"closed","sticky":false,"template":"","format":"standard","meta":[],"categories":[9],"tags":[],"_links":{"self":[{"href":"https:\/\/storytellers.se\/index.php?rest_route=\/wp\/v2\/posts\/2362"}],"collection":[{"href":"https:\/\/storytellers.se\/index.php?rest_route=\/wp\/v2\/posts"}],"about":[{"href":"https:\/\/storytellers.se\/index.php?rest_route=\/wp\/v2\/types\/post"}],"author":[{"embeddable":true,"href":"https:\/\/storytellers.se\/index.php?rest_route=\/wp\/v2\/users\/2"}],"replies":[{"embeddable":true,"href":"https:\/\/storytellers.se\/index.php?rest_route=%2Fwp%2Fv2%2Fcomments&post=2362"}],"version-history":[{"count":0,"href":"https:\/\/storytellers.se\/index.php?rest_route=\/wp\/v2\/posts\/2362\/revisions"}],"wp:attachment":[{"href":"https:\/\/storytellers.se\/index.php?rest_route=%2Fwp%2Fv2%2Fmedia&parent=2362"}],"wp:term":[{"taxonomy":"category","embeddable":true,"href":"https:\/\/storytellers.se\/index.php?rest_route=%2Fwp%2Fv2%2Fcategories&post=2362"},{"taxonomy":"post_tag","embeddable":true,"href":"https:\/\/storytellers.se\/index.php?rest_route=%2Fwp%2Fv2%2Ftags&post=2362"}],"curies":[{"name":"wp","href":"https:\/\/api.w.org\/{rel}","templated":true}]}}