{"id":2360,"date":"2009-09-15T17:19:11","date_gmt":"2009-09-15T16:19:11","guid":{"rendered":"http:\/\/heijbel.wordpress.com\/2009\/09\/15\/nyhetsbrev-46-bonerum-i-cyberspace"},"modified":"2009-09-15T17:19:11","modified_gmt":"2009-09-15T16:19:11","slug":"nyhetsbrev-46-bonerum-i-cyberspace","status":"publish","type":"post","link":"https:\/\/storytellers.se\/?p=2360","title":{"rendered":"Nyhetsbrev 46: B\u00f6nerum i cyberspace"},"content":{"rendered":"<p>H\u00e4r \u00e4r nyhetsbrevet som i dag g\u00e5tt ut till 2.300 prenumeranter. Vill du ocks\u00e5 vara med s\u00e5 skriv till <a href=\"mailto:nyhetsbrev@storytellers.se\">nyhetsbrev@storytellers.se<\/a> s\u00e5 l\u00e4gger jag in dig. Givetvis utan kostnad. Vill du bara l\u00e4sa detta aktuella brev s\u00e5 klicka p\u00e5 l\u00e4nken h\u00e4r under.<\/p>\n<p><!--more--><br \/>\n<strong>Nyhetsbrev 46:<\/strong><br \/>\nHej Storytellerv\u00e4n,<br \/>\nN\u00e4r 65 ber\u00e4ttare fr\u00e5n 19 l\u00e4nder samlades i <strong>Lausanne<\/strong> i somras kom f\u00f6r f\u00f6rsta g\u00e5ngen Corporate Storytelling in som en kategori vid sidan av artisternas och kulturarbetarnas folksagor och bygdeber\u00e4ttanden. Klokt, tycker jag f\u00f6rst\u00e5s.<br \/>\nBer\u00e4ttelser bygger kultur och b\u00e4r kultur.<br \/>\nF\u00f6retag och organisationer beh\u00f6ver ocks\u00e5 sk\u00f6rda denna kultur f\u00f6r att n\u00e5 framg\u00e5ng. Tiden har inte stannat bara f\u00f6r att vi \u00e4r inne i 2000-talet. Det \u00e4r vad det handlar om n\u00e4r man arbetar med storytelling i och om organisationer och om varor och tj\u00e4nster.<br \/>\nDetta nyhetsbrev arbetar envetet med att sprida den id\u00e9n och \u00e5sikten. H\u00e4r ger jag tankar och korta sammandrag av s\u00e5dant som skrivits den senaste m\u00e5naden p\u00e5 storytellers.se. Vill du l\u00e4sa mer s\u00e5 g\u00e5 in och botanisera bland de n\u00e4stan 900 texterna som finns d\u00e4r. Leta i kategorier eller s\u00f6k i s\u00f6kordsfunktionen.<br \/>\n++++++++++++++++++++++++++++++++++++++++++++++++++++<br \/>\nN\u00e4r jag den senaste m\u00e5naden arbetat med exempelvis <strong>SCA, Svenska Cellulosa Aktiebolaget<\/strong>, vid n\u00e5gra tillf\u00e4llen s\u00e5 g\u00e4llde det att finna ber\u00e4ttelser b\u00e5de fr\u00e5n skogen och fr\u00e5n hela den mjuka hygiensidan med bl\u00f6jor, inkontinensskydd och allehanda servetter och papper. Det var fantastiskt att h\u00f6ra vittnesm\u00e5len fr\u00e5n stolta medarbetare som ofta citerade n\u00f6jda kunder som de tr\u00e4ffat i magiska \u00f6gonblick. Tro mig, inkontinensskydd \u00e4r en oerh\u00f6rt viktig produkt f\u00f6r m\u00e5nga m\u00e4nniskor.<br \/>\n++++++++++++++++++++++++++++++++++++++++++++++++++++<br \/>\nEtt annat uppdrag jag haft nyligen var hos <strong>Svenska Kyrkan i \u00d6rebro<\/strong>. Det var sp\u00e4nnande att h\u00f6ra m\u00e4nniskor fr\u00e5n kyrkan ber\u00e4tta om hur de arbetar. De har ju sin produkt, om man s\u00e4ger s\u00e5. Den \u00e4r ju en ber\u00e4ttelse i sig och starkt v\u00e4rderingsstyrd. Men n\u00e4r jag kommer handlar det om dem som arbetar i Svenska Kyrkan. Inte hur de ska ber\u00e4tta om Jesus. Det kan de redan mycket b\u00e4ttre \u00e4n jag.<br \/>\nS\u00e5 \u00e4r det f\u00f6r en Corporate Storyteller. Jag talar inte om hur de ska ber\u00e4tta utan vad de ska ber\u00e4tta om sin kultur och m\u00e4nniskorna som befolkar den p\u00e5 insidan och p\u00e5 utsidan bland intressenter av olika slag.<br \/>\nJag har ocks\u00e5 varit med <strong>Svenska Taxif\u00f6rbundet<\/strong> i Tallinn. Taxi, som jag arbetat mycket genom \u00e5ren, har starkt socialt kompetenta medarbetare och d\u00e4r finns stories, det vill jag lova. M\u00e5nga av dem finns p\u00e5 storytellers.se.<br \/>\n++++++++++++++++++++++++++++++++++++++++++++++++++++<br \/>\nSvenska Kyrkan har f\u00f6rresten via sin webb www.svenskakyrkan.se f\u00f6r n\u00e4rvarande ett <em>digitalt b\u00f6nerum<\/em> i cyrberspace. Jag l\u00e4nkar till b\u00f6neplatsen fr\u00e5n storytellers.se. N\u00e4r jag skriver detta finns det 11.200 b\u00f6ner d\u00e4r ute som handlar om allt fr\u00e5n att man \u00f6nskar en sjuk anh\u00f6rig att bli frisk till att man vill klara n\u00e4sta tenta i skolan.<br \/>\nVilket kyrkorum.<br \/>\nN\u00e4r man sedan ser hur det st\u00f6rsta ber\u00e4ttarforum som finns nu \u00e4r n\u00e4stan lika t\u00e4tbefolkat som hela Usa, v\u00e4rldens tredje st\u00f6rsta land, s\u00e5 f\u00f6rst\u00e5r man hur det blivit. 275 miljoner m\u00e4nniskor \u00e4r n\u00e4mligen med i <strong>Facebook<\/strong> nu vilket, om man s\u00e5 vill, g\u00f6r Facebook till v\u00e4rldens fj\u00e4rde st\u00f6rsta nation.<br \/>\nSverige har 2,5 miljoner Facebookanv\u00e4ndare, n\u00e4stan 30 procent av befolkningen allts\u00e5.<br \/>\nS\u00e5 hur g\u00f6r man som f\u00f6retag eller organisation f\u00f6r att delta i den sociala webben? Det \u00e4r klart man ska delta p\u00e5 n\u00e5got och d\u00e4r l\u00e4mpar det sig utm\u00e4rkt att anv\u00e4nda en storyrepertoar om man vill p\u00e5verka snacket. M\u00e5nga f\u00f6retag och organisationer g\u00f6r det redan p\u00e5 olika s\u00e4tt.<br \/>\n++++++++++++++++++++++++++++++++++++++++++++++++++++<br \/>\nBland annat s\u00e5dant talar jag om p\u00e5 mina inspirationsfrukostar p\u00e5 Hornsgatan 52 p\u00e5 S\u00f6der i Stockholm. Jag ger ocks\u00e5 rader av storyexempel. L\u00e4s mer om frukostarna p\u00e5 www.storytellers.se d\u00e4r du ocks\u00e5 ser hur du kan anm\u00e4la dig. N\u00e4sta tillf\u00e4lle \u00e4r den 13 oktober och den d\u00e4rp\u00e5 \u00e4r den 5 november. Vid b\u00e5da tillf\u00e4llen k\u00f6r vi mellan 08.30 och 10.30.<br \/>\nVill du ist\u00e4llet se en mindre f\u00f6rel\u00e4sning p\u00e5 <em>Youtube<\/em> eller p\u00e5 webben hos Solberg d\u00e4r jag talade om Storytelling ihop med <strong>Volvos Charlie Nordblom<\/strong> i somras s\u00e5 hittar du l\u00e4nkar om du rullar ned lite p\u00e5 www.storytellers.se<br \/>\n++++++++++++++++++++++++++++++++++++++++++++++++++++<br \/>\nJag har f\u00f6r n\u00e5gon vecka sedan tr\u00e4ffat 400 chefer i <strong>Skellefte\u00e5<\/strong> d\u00e4r vi hade en mindre storytellingextas. D\u00e4r ber\u00e4ttade exempelvis en medarbetare fr\u00e5n, jag tror, Gatukontoret, om hur en av hans medarbetare erbj\u00f6d sig att b\u00e4ra en \u00f6vergiven kvinna genom en \u00f6versv\u00e4mmad viadukt. Hon kunde inte ta sig \u00f6ver i det halvmeterdjupa vattnet s\u00e5 Skelleftehj\u00e4lten bar henne p\u00e5 sina axlar.<br \/>\nSkellefte\u00e5 kallar sig Ber\u00e4ttarnas Stad och l\u00e4net, V\u00e4sterbotten, kallar sig Ber\u00e4ttarnas l\u00e4n. Nu \u00f6verv\u00e4ger de att sk\u00f6rda och samla och anv\u00e4nda den kommunala organisationens b\u00e4sta ber\u00e4ttelser f\u00f6r att visa kommunens kompetens och nytta.<br \/>\nMin roll har hittills varit att f\u00f6rel\u00e4sa och inspirera dem f\u00f6r att de tydligt ska se att de har ber\u00e4ttelserna inom r\u00e4ckh\u00e5ll. Skellefte\u00e5 \u00e4r en v\u00e4lsk\u00f6tt och stark kommun som har mycket att ber\u00e4tta. Det \u00e4r bara en av ett tiotal kommuner som bett mig tala om storytelling.<br \/>\n++++++++++++++++++++++++++++++++++++++++++++++++++++<br \/>\nDu f\u00e5r det h\u00e4r brevet f\u00f6r att du har signerat dig eller varit p\u00e5 mina seminarier. Jag som skriver heter Matts Heijbel. Du f\u00e5r g\u00e4rna citera brevet eller texter fr\u00e5n www.storytellers.se men ange d\u00e5 g\u00e4rna k\u00e4llan.<br \/>\nVill du inte ha det mera s\u00e5 kan du skriva nej tack till <a href=\"mailto:nyhetsbrev@storytellers.se\">nyhetsbrev@storytellers.se<\/a> s\u00e5 tar jag bort din mailadress.<br \/>\nH\u00e4lsningar fr\u00e5n Matts Heijbel<br \/>\n15 september 2009<br \/>\nStockholm \/ Gr\u00f6dinge<\/p>\n","protected":false},"excerpt":{"rendered":"<p>H\u00e4r \u00e4r nyhetsbrevet som i dag g\u00e5tt ut till 2.300 prenumeranter. Vill du ocks\u00e5 vara med s\u00e5 skriv till nyhetsbrev@storytellers.se s\u00e5 l\u00e4gger jag in dig. Givetvis utan kostnad. Vill du bara l\u00e4sa detta aktuella brev s\u00e5 klicka p\u00e5 l\u00e4nken h\u00e4r under.<\/p>\n","protected":false},"author":2,"featured_media":0,"comment_status":"open","ping_status":"closed","sticky":false,"template":"","format":"standard","meta":[],"categories":[8],"tags":[],"_links":{"self":[{"href":"https:\/\/storytellers.se\/index.php?rest_route=\/wp\/v2\/posts\/2360"}],"collection":[{"href":"https:\/\/storytellers.se\/index.php?rest_route=\/wp\/v2\/posts"}],"about":[{"href":"https:\/\/storytellers.se\/index.php?rest_route=\/wp\/v2\/types\/post"}],"author":[{"embeddable":true,"href":"https:\/\/storytellers.se\/index.php?rest_route=\/wp\/v2\/users\/2"}],"replies":[{"embeddable":true,"href":"https:\/\/storytellers.se\/index.php?rest_route=%2Fwp%2Fv2%2Fcomments&post=2360"}],"version-history":[{"count":0,"href":"https:\/\/storytellers.se\/index.php?rest_route=\/wp\/v2\/posts\/2360\/revisions"}],"wp:attachment":[{"href":"https:\/\/storytellers.se\/index.php?rest_route=%2Fwp%2Fv2%2Fmedia&parent=2360"}],"wp:term":[{"taxonomy":"category","embeddable":true,"href":"https:\/\/storytellers.se\/index.php?rest_route=%2Fwp%2Fv2%2Fcategories&post=2360"},{"taxonomy":"post_tag","embeddable":true,"href":"https:\/\/storytellers.se\/index.php?rest_route=%2Fwp%2Fv2%2Ftags&post=2360"}],"curies":[{"name":"wp","href":"https:\/\/api.w.org\/{rel}","templated":true}]}}