{"id":2358,"date":"2009-09-15T12:32:02","date_gmt":"2009-09-15T11:32:02","guid":{"rendered":"http:\/\/heijbel.wordpress.com\/2009\/09\/15\/facebook-snart-storre-an-usa"},"modified":"2009-09-15T12:32:02","modified_gmt":"2009-09-15T11:32:02","slug":"facebook-snart-storre-an-usa","status":"publish","type":"post","link":"https:\/\/storytellers.se\/?p=2358","title":{"rendered":"Facebook snart st\u00f6rre \u00e4n Usa"},"content":{"rendered":"<p>Om man t\u00e4nker sig <strong>Facebook<\/strong> som en nation med en befolkning s\u00e5 har Facebookfolket snart en st\u00f6rre befolkning \u00e4n hela Usa. Facebook \u00e4r i dag v\u00e4rldens fj\u00e4rde st\u00f6rsta nation &#8211; om man s\u00e4ger s\u00e5. Snart har Facebook passerat Usa, s\u00e4ger f\u00f6rst\u00e5-sig-p\u00e5arna. S\u00e5 <em>nog ber\u00e4ttas det<\/em> i v\u00e4rlden. Turkiet \u00e4r nu den tredje st\u00f6rsta Facebooknationen om man r\u00e4knar antalet anv\u00e4ndare (13 miljoner Facebookkonton). F\u00f6rst ligger Usa f\u00f6ljt av Storbritannien. Sverige har drygt 2,7 miljoner anv\u00e4ndare och globalt sett \u00e4r det fler kvinnor \u00e4n m\u00e4n som anv\u00e4nder Facebook. Totalt har Facebooknationen 300 miljoner inv\u00e5nare enligt Facebook sj\u00e4lv. Facebook passerar d\u00e4rmed Usa kanske redan inom n\u00e5gon m\u00e5nad. Usa har ca 305 miljoner v\u00e5ren 2009.<\/p>\n","protected":false},"excerpt":{"rendered":"<p>Om man t\u00e4nker sig Facebook som en nation med en befolkning s\u00e5 har Facebookfolket snart en st\u00f6rre befolkning \u00e4n hela Usa. Facebook \u00e4r i dag v\u00e4rldens fj\u00e4rde st\u00f6rsta nation &#8211; om man s\u00e4ger s\u00e5. Snart har Facebook passerat Usa, s\u00e4ger f\u00f6rst\u00e5-sig-p\u00e5arna. S\u00e5 nog ber\u00e4ttas det i v\u00e4rlden. Turkiet \u00e4r nu den tredje st\u00f6rsta Facebooknationen om&#8230;<\/p>\n","protected":false},"author":2,"featured_media":0,"comment_status":"open","ping_status":"closed","sticky":false,"template":"","format":"standard","meta":[],"categories":[2],"tags":[],"_links":{"self":[{"href":"https:\/\/storytellers.se\/index.php?rest_route=\/wp\/v2\/posts\/2358"}],"collection":[{"href":"https:\/\/storytellers.se\/index.php?rest_route=\/wp\/v2\/posts"}],"about":[{"href":"https:\/\/storytellers.se\/index.php?rest_route=\/wp\/v2\/types\/post"}],"author":[{"embeddable":true,"href":"https:\/\/storytellers.se\/index.php?rest_route=\/wp\/v2\/users\/2"}],"replies":[{"embeddable":true,"href":"https:\/\/storytellers.se\/index.php?rest_route=%2Fwp%2Fv2%2Fcomments&post=2358"}],"version-history":[{"count":0,"href":"https:\/\/storytellers.se\/index.php?rest_route=\/wp\/v2\/posts\/2358\/revisions"}],"wp:attachment":[{"href":"https:\/\/storytellers.se\/index.php?rest_route=%2Fwp%2Fv2%2Fmedia&parent=2358"}],"wp:term":[{"taxonomy":"category","embeddable":true,"href":"https:\/\/storytellers.se\/index.php?rest_route=%2Fwp%2Fv2%2Fcategories&post=2358"},{"taxonomy":"post_tag","embeddable":true,"href":"https:\/\/storytellers.se\/index.php?rest_route=%2Fwp%2Fv2%2Ftags&post=2358"}],"curies":[{"name":"wp","href":"https:\/\/api.w.org\/{rel}","templated":true}]}}