{"id":2350,"date":"2009-09-11T10:27:54","date_gmt":"2009-09-11T09:27:54","guid":{"rendered":"http:\/\/heijbel.wordpress.com\/2009\/09\/11\/man-ska-valja-sina-berattelser"},"modified":"2009-09-11T10:27:54","modified_gmt":"2009-09-11T09:27:54","slug":"man-ska-valja-sina-berattelser","status":"publish","type":"post","link":"https:\/\/storytellers.se\/?p=2350","title":{"rendered":"Man ska v\u00e4lja sina ber\u00e4ttelser!"},"content":{"rendered":"<p>I g\u00e5r h\u00f6ll jag ett storytellingseminarium f\u00f6r drygt 400 chefer i <strong>Skellefte\u00e5<\/strong> <strong>kommun<\/strong>. Jag betonade vikten att v\u00e4lja. Vi hann ocks\u00e5 med en liten workshop. N\u00e4r vi summerade dagen konstaterade f\u00f6rvaltningscheferna ocks\u00e5 v\u00e4rdet i att <em>v\u00e4lja sina ber\u00e4ttelser<\/em>. Tala sanning men v\u00e4lj naturligtvis ber\u00e4ttelser om h\u00e4ndelser som bygger organisation och varum\u00e4rke och v\u00e4rdegrund.<br \/>\nVarf\u00f6r fokusera det negativa?<br \/>\nDet \u00e4r som i familjen, sl\u00e4kten eller kamratkretsen. Man b\u00e4r helst med sig de ber\u00e4ttelser som g\u00f6r att man k\u00e4nner och f\u00f6rst\u00e5r att man \u00e4r n\u00e5gon. Att man kan n\u00e5got och att man varit med om n\u00e5got tillsammans. D\u00e5 blir man starkare i sitt uppdrag.<br \/>\nMan ska ocks\u00e5 ber\u00e4tta och l\u00e4ra sig av sina misstag. Men vill man vara en strategisk, storymedveten ledare \u00e4r det f\u00f6rst\u00e5s viktigt att reflektera \u00f6ver dessa fr\u00e5gor.<\/p>\n","protected":false},"excerpt":{"rendered":"<p>I g\u00e5r h\u00f6ll jag ett storytellingseminarium f\u00f6r drygt 400 chefer i Skellefte\u00e5 kommun. Jag betonade vikten att v\u00e4lja. Vi hann ocks\u00e5 med en liten workshop. N\u00e4r vi summerade dagen konstaterade f\u00f6rvaltningscheferna ocks\u00e5 v\u00e4rdet i att v\u00e4lja sina ber\u00e4ttelser. Tala sanning men v\u00e4lj naturligtvis ber\u00e4ttelser om h\u00e4ndelser som bygger organisation och varum\u00e4rke och v\u00e4rdegrund. Varf\u00f6r fokusera&#8230;<\/p>\n","protected":false},"author":2,"featured_media":0,"comment_status":"open","ping_status":"closed","sticky":false,"template":"","format":"standard","meta":[],"categories":[2],"tags":[],"_links":{"self":[{"href":"https:\/\/storytellers.se\/index.php?rest_route=\/wp\/v2\/posts\/2350"}],"collection":[{"href":"https:\/\/storytellers.se\/index.php?rest_route=\/wp\/v2\/posts"}],"about":[{"href":"https:\/\/storytellers.se\/index.php?rest_route=\/wp\/v2\/types\/post"}],"author":[{"embeddable":true,"href":"https:\/\/storytellers.se\/index.php?rest_route=\/wp\/v2\/users\/2"}],"replies":[{"embeddable":true,"href":"https:\/\/storytellers.se\/index.php?rest_route=%2Fwp%2Fv2%2Fcomments&post=2350"}],"version-history":[{"count":0,"href":"https:\/\/storytellers.se\/index.php?rest_route=\/wp\/v2\/posts\/2350\/revisions"}],"wp:attachment":[{"href":"https:\/\/storytellers.se\/index.php?rest_route=%2Fwp%2Fv2%2Fmedia&parent=2350"}],"wp:term":[{"taxonomy":"category","embeddable":true,"href":"https:\/\/storytellers.se\/index.php?rest_route=%2Fwp%2Fv2%2Fcategories&post=2350"},{"taxonomy":"post_tag","embeddable":true,"href":"https:\/\/storytellers.se\/index.php?rest_route=%2Fwp%2Fv2%2Ftags&post=2350"}],"curies":[{"name":"wp","href":"https:\/\/api.w.org\/{rel}","templated":true}]}}