{"id":2344,"date":"2009-09-08T13:42:13","date_gmt":"2009-09-08T12:42:13","guid":{"rendered":"http:\/\/heijbel.wordpress.com\/2009\/09\/08\/fulltecknad-inspirationsfrukost"},"modified":"2009-09-08T13:42:13","modified_gmt":"2009-09-08T12:42:13","slug":"fulltecknad-inspirationsfrukost","status":"publish","type":"post","link":"https:\/\/storytellers.se\/?p=2344","title":{"rendered":"Fulltecknad inspirationsfrukost"},"content":{"rendered":"<p>I dag hade jag en fulltecknad inspirationsfrukost i H52:s lokaler vid Mariatorget p\u00e5 S\u00f6der i Stockholm. N\u00e4sta frukost har jag 13 oktober 08.30-10.30. Eftersom efterfr\u00e5gan \u00e4r s\u00e5 stor s\u00e5 har jag lagt till ytterligare ett datum, den 5 november. Samma tid samma plats. Anm\u00e4l ditt intresse till matts@storytellers.se jag debiterar 500 sek plus moms f\u00f6r varje deltagare.<\/p>\n","protected":false},"excerpt":{"rendered":"<p>I dag hade jag en fulltecknad inspirationsfrukost i H52:s lokaler vid Mariatorget p\u00e5 S\u00f6der i Stockholm. N\u00e4sta frukost har jag 13 oktober 08.30-10.30. Eftersom efterfr\u00e5gan \u00e4r s\u00e5 stor s\u00e5 har jag lagt till ytterligare ett datum, den 5 november. Samma tid samma plats. Anm\u00e4l ditt intresse till matts@storytellers.se jag debiterar 500 sek plus moms f\u00f6r&#8230;<\/p>\n","protected":false},"author":2,"featured_media":0,"comment_status":"open","ping_status":"closed","sticky":false,"template":"","format":"standard","meta":[],"categories":[7],"tags":[],"_links":{"self":[{"href":"https:\/\/storytellers.se\/index.php?rest_route=\/wp\/v2\/posts\/2344"}],"collection":[{"href":"https:\/\/storytellers.se\/index.php?rest_route=\/wp\/v2\/posts"}],"about":[{"href":"https:\/\/storytellers.se\/index.php?rest_route=\/wp\/v2\/types\/post"}],"author":[{"embeddable":true,"href":"https:\/\/storytellers.se\/index.php?rest_route=\/wp\/v2\/users\/2"}],"replies":[{"embeddable":true,"href":"https:\/\/storytellers.se\/index.php?rest_route=%2Fwp%2Fv2%2Fcomments&post=2344"}],"version-history":[{"count":0,"href":"https:\/\/storytellers.se\/index.php?rest_route=\/wp\/v2\/posts\/2344\/revisions"}],"wp:attachment":[{"href":"https:\/\/storytellers.se\/index.php?rest_route=%2Fwp%2Fv2%2Fmedia&parent=2344"}],"wp:term":[{"taxonomy":"category","embeddable":true,"href":"https:\/\/storytellers.se\/index.php?rest_route=%2Fwp%2Fv2%2Fcategories&post=2344"},{"taxonomy":"post_tag","embeddable":true,"href":"https:\/\/storytellers.se\/index.php?rest_route=%2Fwp%2Fv2%2Ftags&post=2344"}],"curies":[{"name":"wp","href":"https:\/\/api.w.org\/{rel}","templated":true}]}}