{"id":2334,"date":"2009-09-03T11:26:30","date_gmt":"2009-09-03T10:26:30","guid":{"rendered":"http:\/\/heijbel.wordpress.com\/2009\/09\/03\/typsnitt-orsakar-krig-mot-ikea"},"modified":"2009-09-03T11:26:30","modified_gmt":"2009-09-03T10:26:30","slug":"typsnitt-orsakar-krig-mot-ikea","status":"publish","type":"post","link":"https:\/\/storytellers.se\/?p=2334","title":{"rendered":"Typsnitt orsakar krig mot Ikea"},"content":{"rendered":"<p>Man vet inte alltid innan hur snacket tar fart. Det \u00e4r inte sj\u00e4lvklart att man navigerar s\u00e5 att man har kontrollen. Nu har n\u00e4rmare <a href=\"http:\/\/www.PetitionOnline.com\/IKEAVERD\/petition.html\"><strong>6.500<\/strong><\/a> designers listat sig mot <strong>Ikeas<\/strong> senaste katalog som bytt sitt typsnitt fr\u00e5n <em>Futura<\/em> till <em>Verdana<\/em> f\u00f6r att Ikea vill kunna anv\u00e4nda samma typsnitt \u00e4ven p\u00e5 webben. Verdana anses allm\u00e4nt vara det b\u00e4sta sk\u00e4rmtypsnittet.<br \/>\nEfter 50 \u00e5r med &#8221;Ikeatypsnittet&#8221; Futura provoceras d\u00e4rf\u00f6r nu Ikeafantasterna. Det surrar och twittras om detta och typsnittsbr\u00e5ket sprids som en pr\u00e4riebrand \u00e4ven utanf\u00f6r de designintresserade typsnittskretsarna. Via Facebook, och Twitter och hundratals artiklar sprids fr\u00e5gan l\u00e5ngt utanf\u00f6r typsnittsarenan.<br \/>\nIkea \u00e4r ett f\u00f6retag som har evangelister och man inser kanske nu att <em>ett typsnitt \u00e4r inte bara ett typsnitt<\/em> utan att det b\u00e4r s\u00e5 mycket mer med sig. Man vet f\u00f6ljaktligen inte alltid innan n\u00e4r <em>Word of Mouth<\/em> tar fart av egen ov\u00e4ntad impuls. <a href=\"http:\/\/www.churchofcustomer.com\/2009\/09\/ikea-loyalists-revolt-after-font-change.html#comments\"><strong>L\u00e4s sj\u00e4lv<\/strong><\/a>.<br \/>\nKanske skulle Ikea i f\u00f6rv\u00e4g ha insett evangelisternas kraft och kulturkommunicerat sitt beslut.<\/p>\n","protected":false},"excerpt":{"rendered":"<p>Man vet inte alltid innan hur snacket tar fart. Det \u00e4r inte sj\u00e4lvklart att man navigerar s\u00e5 att man har kontrollen. Nu har n\u00e4rmare 6.500 designers listat sig mot Ikeas senaste katalog som bytt sitt typsnitt fr\u00e5n Futura till Verdana f\u00f6r att Ikea vill kunna anv\u00e4nda samma typsnitt \u00e4ven p\u00e5 webben. Verdana anses allm\u00e4nt vara&#8230;<\/p>\n","protected":false},"author":2,"featured_media":0,"comment_status":"open","ping_status":"closed","sticky":false,"template":"","format":"standard","meta":[],"categories":[2],"tags":[],"_links":{"self":[{"href":"https:\/\/storytellers.se\/index.php?rest_route=\/wp\/v2\/posts\/2334"}],"collection":[{"href":"https:\/\/storytellers.se\/index.php?rest_route=\/wp\/v2\/posts"}],"about":[{"href":"https:\/\/storytellers.se\/index.php?rest_route=\/wp\/v2\/types\/post"}],"author":[{"embeddable":true,"href":"https:\/\/storytellers.se\/index.php?rest_route=\/wp\/v2\/users\/2"}],"replies":[{"embeddable":true,"href":"https:\/\/storytellers.se\/index.php?rest_route=%2Fwp%2Fv2%2Fcomments&post=2334"}],"version-history":[{"count":0,"href":"https:\/\/storytellers.se\/index.php?rest_route=\/wp\/v2\/posts\/2334\/revisions"}],"wp:attachment":[{"href":"https:\/\/storytellers.se\/index.php?rest_route=%2Fwp%2Fv2%2Fmedia&parent=2334"}],"wp:term":[{"taxonomy":"category","embeddable":true,"href":"https:\/\/storytellers.se\/index.php?rest_route=%2Fwp%2Fv2%2Fcategories&post=2334"},{"taxonomy":"post_tag","embeddable":true,"href":"https:\/\/storytellers.se\/index.php?rest_route=%2Fwp%2Fv2%2Ftags&post=2334"}],"curies":[{"name":"wp","href":"https:\/\/api.w.org\/{rel}","templated":true}]}}