{"id":2328,"date":"2009-08-28T16:04:23","date_gmt":"2009-08-28T15:04:23","guid":{"rendered":"http:\/\/heijbel.wordpress.com\/2009\/08\/28\/hos-svenska-kyrkan-i-orebro-2"},"modified":"2009-08-28T16:04:23","modified_gmt":"2009-08-28T15:04:23","slug":"hos-svenska-kyrkan-i-orebro-2","status":"publish","type":"post","link":"https:\/\/storytellers.se\/?p=2328","title":{"rendered":"Hos Svenska Kyrkan i \u00d6rebro"},"content":{"rendered":"<p>I dag har jag deltagit i en sp\u00e4nnande kommunikations- och marknadsf\u00f6ringsdag hos medarbetarna i Svenska Kyrkan i \u00d6rebro. Hur ska en organisation, som i sig b\u00e4r en av de st\u00f6rsta v\u00e4rderingsber\u00e4ttelserna v\u00e4rlden har, kunna kommunicera sanna ber\u00e4ttelser om <em>dem som 2009 arbetar med detta kyrkans arbete i \u00d6rebro<\/em>. Om h\u00e4ndelser och m\u00e4nniskom\u00f6ten talade vi och om hur man kan g\u00f6ra dessa s\u00e5 ber\u00f6rande och begripliga att de ocks\u00e5 b\u00e4r kyrkans v\u00e4rderingar?<\/p>\n","protected":false},"excerpt":{"rendered":"<p>I dag har jag deltagit i en sp\u00e4nnande kommunikations- och marknadsf\u00f6ringsdag hos medarbetarna i Svenska Kyrkan i \u00d6rebro. Hur ska en organisation, som i sig b\u00e4r en av de st\u00f6rsta v\u00e4rderingsber\u00e4ttelserna v\u00e4rlden har, kunna kommunicera sanna ber\u00e4ttelser om dem som 2009 arbetar med detta kyrkans arbete i \u00d6rebro. Om h\u00e4ndelser och m\u00e4nniskom\u00f6ten talade vi och&#8230;<\/p>\n","protected":false},"author":2,"featured_media":0,"comment_status":"open","ping_status":"closed","sticky":false,"template":"","format":"standard","meta":[],"categories":[2],"tags":[],"_links":{"self":[{"href":"https:\/\/storytellers.se\/index.php?rest_route=\/wp\/v2\/posts\/2328"}],"collection":[{"href":"https:\/\/storytellers.se\/index.php?rest_route=\/wp\/v2\/posts"}],"about":[{"href":"https:\/\/storytellers.se\/index.php?rest_route=\/wp\/v2\/types\/post"}],"author":[{"embeddable":true,"href":"https:\/\/storytellers.se\/index.php?rest_route=\/wp\/v2\/users\/2"}],"replies":[{"embeddable":true,"href":"https:\/\/storytellers.se\/index.php?rest_route=%2Fwp%2Fv2%2Fcomments&post=2328"}],"version-history":[{"count":0,"href":"https:\/\/storytellers.se\/index.php?rest_route=\/wp\/v2\/posts\/2328\/revisions"}],"wp:attachment":[{"href":"https:\/\/storytellers.se\/index.php?rest_route=%2Fwp%2Fv2%2Fmedia&parent=2328"}],"wp:term":[{"taxonomy":"category","embeddable":true,"href":"https:\/\/storytellers.se\/index.php?rest_route=%2Fwp%2Fv2%2Fcategories&post=2328"},{"taxonomy":"post_tag","embeddable":true,"href":"https:\/\/storytellers.se\/index.php?rest_route=%2Fwp%2Fv2%2Ftags&post=2328"}],"curies":[{"name":"wp","href":"https:\/\/api.w.org\/{rel}","templated":true}]}}