{"id":2322,"date":"2009-08-24T15:11:51","date_gmt":"2009-08-24T14:11:51","guid":{"rendered":"http:\/\/heijbel.wordpress.com\/2009\/08\/24\/corporate-storytelling-in-pa-arenan"},"modified":"2009-08-24T15:11:51","modified_gmt":"2009-08-24T14:11:51","slug":"corporate-storytelling-in-pa-arenan","status":"publish","type":"post","link":"https:\/\/storytellers.se\/?p=2322","title":{"rendered":"Corporate storytelling in p\u00e5 arenan"},"content":{"rendered":"<p>I b\u00f6rjan av augusti var det en konferens i Lausanne med 65 storytellers fr\u00e5n 19 europeiska l\u00e4nder. Tanken var att f\u00f6rs\u00f6ka skaffa ett helt\u00e4ckande n\u00e4tverk \u00f6ver Europa som inkluderar olika inriktningar inom ber\u00e4ttandet. <strong>FEST<\/strong>, <em>Federation for European Storytelling<\/em>, har nu en styrgrupp inf\u00f6r n\u00e4sta \u00e5rs konferens i England. Intressant \u00e4r att nu finns ocks\u00e5&#8230;<\/p>\n<p><!--more--><br \/>\n&#8230;<em>Corporate Storytelling<\/em> med vid sidan av exempelvis <em>Storytelling in Education, Young storytellers, International festivals, Healing story med mera<\/em>, ber\u00e4ttar den framst\u00e5ende ber\u00e4ttaren <strong>Mats Rehnman<\/strong>.<br \/>\nJag \u00e4r glad att Corporate storytelling sl\u00e4pps in eftersom jag anser att Corporate storytelling handlar om att sk\u00f6rda och l\u00e4ra k\u00e4nna de samtidsf\u00f6rpackade ber\u00e4ttelser som visar de kulturer vi lever i nu och de v\u00e4rderingar som pr\u00e4glar f\u00f6retag och organisationer p\u00e5 2000-talet.<br \/>\nD\u00e4r upplever jag ocks\u00e5 att jag har en misson. F\u00f6retag och organisationer \u00e4r dagens parallell till de byar och landsbygdsmilj\u00f6er som v\u00e5ra f\u00f6rf\u00e4der levde under tidigare \u00e5rhundraden.<br \/>\nI dessa, dagens moderna milj\u00f6er, lever dagens folkore och den f\u00f6rtj\u00e4nar att leva sida vid sida med de andra gamla ber\u00e4ttaruttrycken.<\/p>\n","protected":false},"excerpt":{"rendered":"<p>I b\u00f6rjan av augusti var det en konferens i Lausanne med 65 storytellers fr\u00e5n 19 europeiska l\u00e4nder. Tanken var att f\u00f6rs\u00f6ka skaffa ett helt\u00e4ckande n\u00e4tverk \u00f6ver Europa som inkluderar olika inriktningar inom ber\u00e4ttandet. FEST, Federation for European Storytelling, har nu en styrgrupp inf\u00f6r n\u00e4sta \u00e5rs konferens i England. Intressant \u00e4r att nu finns ocks\u00e5&#8230;<\/p>\n","protected":false},"author":2,"featured_media":0,"comment_status":"open","ping_status":"closed","sticky":false,"template":"","format":"standard","meta":[],"categories":[9],"tags":[],"_links":{"self":[{"href":"https:\/\/storytellers.se\/index.php?rest_route=\/wp\/v2\/posts\/2322"}],"collection":[{"href":"https:\/\/storytellers.se\/index.php?rest_route=\/wp\/v2\/posts"}],"about":[{"href":"https:\/\/storytellers.se\/index.php?rest_route=\/wp\/v2\/types\/post"}],"author":[{"embeddable":true,"href":"https:\/\/storytellers.se\/index.php?rest_route=\/wp\/v2\/users\/2"}],"replies":[{"embeddable":true,"href":"https:\/\/storytellers.se\/index.php?rest_route=%2Fwp%2Fv2%2Fcomments&post=2322"}],"version-history":[{"count":0,"href":"https:\/\/storytellers.se\/index.php?rest_route=\/wp\/v2\/posts\/2322\/revisions"}],"wp:attachment":[{"href":"https:\/\/storytellers.se\/index.php?rest_route=%2Fwp%2Fv2%2Fmedia&parent=2322"}],"wp:term":[{"taxonomy":"category","embeddable":true,"href":"https:\/\/storytellers.se\/index.php?rest_route=%2Fwp%2Fv2%2Fcategories&post=2322"},{"taxonomy":"post_tag","embeddable":true,"href":"https:\/\/storytellers.se\/index.php?rest_route=%2Fwp%2Fv2%2Ftags&post=2322"}],"curies":[{"name":"wp","href":"https:\/\/api.w.org\/{rel}","templated":true}]}}