{"id":2320,"date":"2009-08-20T13:05:24","date_gmt":"2009-08-20T12:05:24","guid":{"rendered":"http:\/\/heijbel.wordpress.com\/2009\/08\/20\/nyhetsbrev-45-traffar-i-stockholm"},"modified":"2009-08-20T13:05:24","modified_gmt":"2009-08-20T12:05:24","slug":"nyhetsbrev-45-traffar-i-stockholm","status":"publish","type":"post","link":"https:\/\/storytellers.se\/?p=2320","title":{"rendered":"Nyhetsbrev 45: Tr\u00e4ffar i Stockholm"},"content":{"rendered":"<p>I dag g\u00e5r Nyhetsbrev nr 45 ut till ungef\u00e4r 2300 prenumeranter. Vill du ocks\u00e5 ha det s\u00e5 kan du anm\u00e4la dig till <a href=\"mailto:nyhetsbrev@storytellers.se\">nyhetsbrev@storytellers.se<\/a> det kostar f\u00f6rst\u00e5s ingenting och du kan n\u00e4r som helst avsluta din prenumeration. L\u00e4s Nr 45 genom att klicka h\u00e4r nedanf\u00f6r.<\/p>\n<p><!--more--><br \/>\nHej Storytellerv\u00e4n<br \/>\nNu drar det ig\u00e5ng igen efter sommaren. F\u00f6r mig har det inte varit helt lugnt, storytellingintresset verkar inte p\u00e5verkas av semestrar eller konjunkturl\u00e4get.<br \/>\nDet \u00e4r v\u00e4l s\u00e5 att ber\u00e4ttelserna har ett jobb att g\u00f6ra oavsett konjunkturl\u00e4gen och samtidens ber\u00e4ttelser kan ju alltid s\u00e4ttas i arbete i de kanaler man \u00e4nd\u00e5 har.<br \/>\nDe kan arbeta i det talade ordet, i kanaler som internet, intran\u00e4t, kund- och personaltidningar, anslagstavlor, som repertoar i olika delar av den sociala webben, i ledarskapet och s\u00e5 vidare.<br \/>\nGivetvis kan de sk\u00f6rdade, sanna, ber\u00e4ttelserna om viktiga h\u00e4ndelser anv\u00e4ndas i olika rekryteringssammanhang och som merv\u00e4rden n\u00e4r annars likv\u00e4rdiga produkter t\u00e4vlar, d\u00e5 vinner ju b\u00e4sta storyn. S\u00e5 enkelt \u00e4r det.<br \/>\n+++++++++++++++++++++++++++++++++++++++<br \/>\nNi fr\u00e5gar n\u00e4r jag f\u00f6rel\u00e4ser och n\u00e4r det g\u00e5r att h\u00f6ra mig tala kring det h\u00e4r med storytelling i och om organisationer.<br \/>\nJag svarar nu med tv\u00e5 inspirationsfrukostar i Stockholm inom kort. Den f\u00f6rsta blir den 8 september. Den andra kommer att bli den 13 oktober. Vi tr\u00e4ffas i ett konferensrum vid Mariatorget d\u00e4r jag har mitt kontor som en del i N\u00e4tverket H52.<br \/>\nVi b\u00f6rjar klockan 08.30 prick och slutar 10.30. P\u00e5 bordet st\u00e5r d\u00e5 te kaffe, vatten och frukt. Vi har gott om tid att prata och diskutera efter att jag h\u00e5llit ing\u00e5ngsf\u00f6rel\u00e4sningen.<br \/>\nAnm\u00e4l ditt namn, din adress och \u00f6nskat datum p\u00e5 <a href=\"mailto:frukost@storytellers.se\">frukost@storytellers.se<\/a> s\u00e5 \u00e5terkommer jag med detaljer. Jag debiterar 500 sek + moms per deltagare.<br \/>\nVill du ist\u00e4llet att jag kommer till ditt f\u00f6retag eller din organisation och frukostf\u00f6rel\u00e4ser s\u00e5 kan du alltid kontakta mig. Det \u00e4r inte bara nyttigt, det \u00e4r roligt ocks\u00e5 att h\u00f6ra om den fantastiska energi som finns i arbete med ber\u00e4ttarkapitalet.<br \/>\nDu kan anv\u00e4nda samma adress i s\u00e5 fall <a href=\"mailto:frukost@storytellers.se\">frukost@storytellers.se<\/a><br \/>\n+++++++++++++++++++++++++++++++++++++++<br \/>\nDet har nu g\u00e5tt 10 \u00e5r sedan jag b\u00f6rjade intressera mig f\u00f6r och arbetat med f\u00f6retags- och organisationsfolklore. Jag har utvecklat v\u00e4l fungerande modeller f\u00f6r att s\u00f6ka, finna, sk\u00f6rda, utveckla och s\u00e4tta ber\u00e4ttarkapitalet i arbete.<br \/>\nJag har ambitionen att www.storytellers.se ska vara den sj\u00e4lvklara m\u00f6tesplatsen f\u00f6r dem som \u00e4r intresserade av detta p\u00e5 det svenska spr\u00e5ket. Och det \u00e4r m\u00e5nga som kommer. Nyligen passerade r\u00e4knaren 135.000 bes\u00f6k de senaste 5 \u00e5ren.<br \/>\nDet finns ocks\u00e5 n\u00e5gra youtubeklipp som finns l\u00e4nkade fr\u00e5n storytellers.se d\u00e4r talar jag om \u00e4mnet i korta inl\u00e4gg p\u00e5 5-7 minuter vardera.<br \/>\nP\u00e5 f\u00f6retagswebben, bloggen storytellers.se finns \u00f6ver 800 texter som du kan botanisera bland med hj\u00e4lp av s\u00f6kfunktionen.<br \/>\n+++++++++++++++++++++++++++++++++++++++<br \/>\nDu s\u00e5g kanske att Fj\u00e4llr\u00e4ven ska f\u00f6rs\u00f6ka ta sig in p\u00e5 den amerikanska marknaden. Ett av verktygen ska vara f\u00f6retagets starka ber\u00e4ttelser. De finns, det kan jag lova eftersom jag har arbetet en del med Fj\u00e4llr\u00e4ven.<br \/>\nTill exempel n\u00e4r grundaren \u00c5ke Nordin var missn\u00f6jd med materialen f\u00f6r friluftsutrustning f\u00f6r drygt 50 \u00e5r sedan. Han gick d\u00e5 ned i hamnen hemma i \u00d6rnsk\u00f6ldsvik och s\u00e5g skutornas segel som t\u00e5lde s\u00e5 mycket. Skulle inte de kunna anv\u00e4ndas ocks\u00e5 i ryggs\u00e4ckar?<br \/>\nEn entrepren\u00f6rs liv kantas av magiska \u00f6gonblick d\u00e5 han eller hon t\u00e4nker ett steg l\u00e4ngre \u00e4n andra och utvecklar det andra inte kommit p\u00e5. S\u00e5 gjorde han med b\u00e4rramen till ryggs\u00e4ckarna ocks\u00e5 i en tid n\u00e4r inte ens milit\u00e4ren hade \u00e4ndam\u00e5lsenlig utrustning f\u00f6r att r\u00f6ra sig i skog och mark.<br \/>\n+++++++++++++++++++++++++++++++++++++++<br \/>\nJag har varit p\u00e5 Ikeautst\u00e4llningen p\u00e5 Liljevalchs i Stockholm. Den p\u00e5g\u00e5r till sista augusti. Ikea \u00e4r ju i v\u00e4rldsklass n\u00e4r det g\u00e4ller att v\u00e5rda och anv\u00e4nda sina ber\u00e4ttelser. B\u00e5de vad g\u00e4ller Ikea Way men ocks\u00e5 f\u00f6rst\u00e5s alla Kampradber\u00e4ttelser.<br \/>\nIkea m\u00f6blerade folkhemmet p\u00e5st\u00e5r man stolt. Man kan inte annat \u00e4n h\u00e5lla med. Ber\u00e4ttelserna som samlas av Ikea v\u00e4rlden \u00f6ver och som filmas oklippta \u00e4r en sp\u00e4nnande form av digital storytelling som jag sj\u00e4lv arbetet med en hel del genom \u00e5ren. Ingen manus, inga klipp bara raka \u00e4rliga vittnesm\u00e5l. S\u00e5 tr\u00e4der organisationskulturen fram och b\u00e4ddar f\u00f6r framg\u00e5ng v\u00e4rlden \u00f6ver.<br \/>\nVi kan alla l\u00e4ra oss lite av Ikea. Jag reste i g\u00e5r fr\u00e5n ett uppdrag i Estland och tr\u00e4ffade p\u00e5 b\u00e5ten en internationell management- och organisationskonsult som reser \u00f6ver hela v\u00e4rlden. Han \u00e4r fr\u00e5n Australien men bor i England och reser allts\u00e5 j\u00e4mt vilket ger honom m\u00f6jlighet att\u00e4mf\u00f6ra stil och organisationskultur i olika l\u00e4nder och f\u00f6retag.<br \/>\nNi svenskar \u00e4r bra p\u00e5 att ber\u00e4tta om er f\u00f6retagskultur och om hur er konsenustradition fungerar. Det imponerar p\u00e5 mig, sa han n\u00e4r jag ber\u00e4ttade om mitt arbete som storyteller i och om f\u00f6retag och organisationer. Det b\u00f6rjar m\u00e4rkas att vi svenskar allt b\u00e4ttre f\u00f6rst\u00e5r att hantera v\u00e5ra kulturkapital.<br \/>\n+++++++++++++++++++++++++++++++++++++++<br \/>\nDu som f\u00e5r detta brev har bett om att f\u00e5 det. Det \u00e4r jag, Matts Heijbel, som skriver det och du f\u00e5r g\u00e4rna citera det eller texterna p\u00e5 www.storytellers.se men ange d\u00e5 g\u00e4rna k\u00e4llan.<br \/>\nVill du inte ha det l\u00e4ngre s\u00e5 \u00e4r det bara att v\u00e4nda det med ett nej tack eller skriva till <a href=\"mailto:nyhetsbrev@storytellers.se\">nyhetsbrev@storytellers.se<\/a> och s\u00e4ga till.<br \/>\nDu \u00e4r en av n\u00e4rmare 2500 prenumeranter.<br \/>\nHej s\u00e5 l\u00e4ngre<br \/>\nH\u00e4lsar<br \/>\nMatts Heijbel  den 20 augusti 2009<br \/>\nStockholm  Gr\u00f6dinge<\/p>\n","protected":false},"excerpt":{"rendered":"<p>I dag g\u00e5r Nyhetsbrev nr 45 ut till ungef\u00e4r 2300 prenumeranter. Vill du ocks\u00e5 ha det s\u00e5 kan du anm\u00e4la dig till nyhetsbrev@storytellers.se det kostar f\u00f6rst\u00e5s ingenting och du kan n\u00e4r som helst avsluta din prenumeration. L\u00e4s Nr 45 genom att klicka h\u00e4r nedanf\u00f6r.<\/p>\n","protected":false},"author":2,"featured_media":0,"comment_status":"open","ping_status":"closed","sticky":false,"template":"","format":"standard","meta":[],"categories":[8],"tags":[],"_links":{"self":[{"href":"https:\/\/storytellers.se\/index.php?rest_route=\/wp\/v2\/posts\/2320"}],"collection":[{"href":"https:\/\/storytellers.se\/index.php?rest_route=\/wp\/v2\/posts"}],"about":[{"href":"https:\/\/storytellers.se\/index.php?rest_route=\/wp\/v2\/types\/post"}],"author":[{"embeddable":true,"href":"https:\/\/storytellers.se\/index.php?rest_route=\/wp\/v2\/users\/2"}],"replies":[{"embeddable":true,"href":"https:\/\/storytellers.se\/index.php?rest_route=%2Fwp%2Fv2%2Fcomments&post=2320"}],"version-history":[{"count":0,"href":"https:\/\/storytellers.se\/index.php?rest_route=\/wp\/v2\/posts\/2320\/revisions"}],"wp:attachment":[{"href":"https:\/\/storytellers.se\/index.php?rest_route=%2Fwp%2Fv2%2Fmedia&parent=2320"}],"wp:term":[{"taxonomy":"category","embeddable":true,"href":"https:\/\/storytellers.se\/index.php?rest_route=%2Fwp%2Fv2%2Fcategories&post=2320"},{"taxonomy":"post_tag","embeddable":true,"href":"https:\/\/storytellers.se\/index.php?rest_route=%2Fwp%2Fv2%2Ftags&post=2320"}],"curies":[{"name":"wp","href":"https:\/\/api.w.org\/{rel}","templated":true}]}}