{"id":2314,"date":"2009-08-12T17:39:15","date_gmt":"2009-08-12T16:39:15","guid":{"rendered":"http:\/\/heijbel.wordpress.com\/2009\/08\/12\/ga-till-mammorna-och-papporna"},"modified":"2009-08-12T17:39:15","modified_gmt":"2009-08-12T16:39:15","slug":"ga-till-mammorna-och-papporna","status":"publish","type":"post","link":"https:\/\/storytellers.se\/?p=2314","title":{"rendered":"G\u00e5 till mammorna och papporna"},"content":{"rendered":"<p>Jag diskuterade med personalen p\u00e5 ett daghem hur de skulle kunna lyssna mer p\u00e5 och tala mer till f\u00f6r\u00e4ldrarna f\u00f6r att marknadsf\u00f6ra sin verksamhet och p\u00e5verka snacket om sitt daghem.<br \/>\n\u2013 De hinner ju aldrig prata n\u00e4r de h\u00e4mtar och l\u00e4mnar sa personalen. De \u00e4r s\u00e5&#8230;<\/p>\n<p><!--more--><br \/>\n&#8230;stressade och vill bara ha svar p\u00e5 fr\u00e5gorna: <em>har allt varit bra f\u00f6r lille Karl. Har Maria \u00e4tit bra i dag. Inget br\u00e5k?<\/em><br \/>\nVar \u00e4r de d\u00e5? fr\u00e5gade jag. Var tr\u00e4ffas f\u00f6r\u00e4ldrarna? Var \u00e4r de med barnen n\u00e4r de \u00e4r lediga tillsammans med dem?<br \/>\n\u2013 P\u00e5 lekplatsen, vid sandl\u00e5dan eller i parken, svarade personalen. D\u00e4r kopplar de av tillsammans.<br \/>\n\u2013 G\u00e5 dit d\u00e5, svarade jag. Ta med n\u00e5gra dagisbarn och g\u00e5 dit. L\u00e4gg upp och organisera ert arbete s\u00e5 att ni kan vara d\u00e4r mammorna och papporna \u00e4r. D\u00e5 kan ni lyssna och ber\u00e4tta och framf\u00f6ra de ber\u00e4ttelser ni s\u00e5 g\u00e4rna vill framf\u00f6ra f\u00f6r att g\u00f6ra ert daghem r\u00e4ttvisa.<br \/>\nS\u00f6k upp de reala och digitala m\u00f6tesplatserna. Lyssna och ta fram era stories som ni kan ber\u00e4tta d\u00e4r om ni vill p\u00e5verka snacket om er verksamhet och d\u00e4rmed arbeta med <strong>word of mouth<\/strong>.<\/p>\n","protected":false},"excerpt":{"rendered":"<p>Jag diskuterade med personalen p\u00e5 ett daghem hur de skulle kunna lyssna mer p\u00e5 och tala mer till f\u00f6r\u00e4ldrarna f\u00f6r att marknadsf\u00f6ra sin verksamhet och p\u00e5verka snacket om sitt daghem. \u2013 De hinner ju aldrig prata n\u00e4r de h\u00e4mtar och l\u00e4mnar sa personalen. De \u00e4r s\u00e5&#8230;<\/p>\n","protected":false},"author":2,"featured_media":0,"comment_status":"open","ping_status":"closed","sticky":false,"template":"","format":"standard","meta":[],"categories":[2],"tags":[],"_links":{"self":[{"href":"https:\/\/storytellers.se\/index.php?rest_route=\/wp\/v2\/posts\/2314"}],"collection":[{"href":"https:\/\/storytellers.se\/index.php?rest_route=\/wp\/v2\/posts"}],"about":[{"href":"https:\/\/storytellers.se\/index.php?rest_route=\/wp\/v2\/types\/post"}],"author":[{"embeddable":true,"href":"https:\/\/storytellers.se\/index.php?rest_route=\/wp\/v2\/users\/2"}],"replies":[{"embeddable":true,"href":"https:\/\/storytellers.se\/index.php?rest_route=%2Fwp%2Fv2%2Fcomments&post=2314"}],"version-history":[{"count":0,"href":"https:\/\/storytellers.se\/index.php?rest_route=\/wp\/v2\/posts\/2314\/revisions"}],"wp:attachment":[{"href":"https:\/\/storytellers.se\/index.php?rest_route=%2Fwp%2Fv2%2Fmedia&parent=2314"}],"wp:term":[{"taxonomy":"category","embeddable":true,"href":"https:\/\/storytellers.se\/index.php?rest_route=%2Fwp%2Fv2%2Fcategories&post=2314"},{"taxonomy":"post_tag","embeddable":true,"href":"https:\/\/storytellers.se\/index.php?rest_route=%2Fwp%2Fv2%2Ftags&post=2314"}],"curies":[{"name":"wp","href":"https:\/\/api.w.org\/{rel}","templated":true}]}}