{"id":2312,"date":"2009-08-12T13:13:49","date_gmt":"2009-08-12T12:13:49","guid":{"rendered":"http:\/\/heijbel.wordpress.com\/2009\/08\/12\/ikea-pa-liljevalchs"},"modified":"2009-08-12T13:13:49","modified_gmt":"2009-08-12T12:13:49","slug":"ikea-pa-liljevalchs","status":"publish","type":"post","link":"https:\/\/storytellers.se\/?p=2312","title":{"rendered":"Ikea p\u00e5 Liljevalchs"},"content":{"rendered":"<p>I sommar till och med 30 augusti p\u00e5g\u00e5r en Ikea-utst\u00e4llning p\u00e5 <strong>Liljevalchs konsthall<\/strong> i Stockholm. \u00c5rtionde f\u00f6r \u00e5rtionde visas m\u00f6bler upp. F\u00f6rra \u00e5ret fyllde Ikea 50 och ber\u00e4ttelsen om Ikea \u00e4r samtidigt en ber\u00e4ttelse om hur det svenska folkhemmet efter andra v\u00e4rldskriget har m\u00f6blerats. Ikea har sedan burit tanken vidare ut \u00f6ver&#8230;<\/p>\n<p><!--more--><br \/>\n&#8230;v\u00e4rlden hela tiden framburen av ber\u00e4ttelser om v\u00e4rderingar, om Sm\u00e5land, om Kamprad och s\u00e5 vidare. Ikeaber\u00e4ttelserna handlar om v\u00e4rderingar inte om f\u00f6rem\u00e5l. F\u00f6rem\u00e5len presenteras i katalogerna och i varuhusen.<br \/>\n<strong>Miriam Salzer-M\u00f6hrling<\/strong> som forskat i Ikeakulturen skriver i f\u00f6rordet till utst\u00e4llningskatalogen:<br \/>\n<em>&#8221; Vem som helst kan tillverka en stol. Men Ikea s\u00e4ljer inte bara en stol. Ikea s\u00e4ljer en svensk boendefiolosofi. En filosofi som har gett oss funktionella m\u00f6bler, rationellt distribuerade och demokratiskt tillg\u00e4ngliga f\u00f6r alla i enkla lagerliknande lokaler. Inte f\u00f6r de rika men f\u00f6r de kloka. Inget fl\u00e5digt, inga krusiduller. Det \u00e4r lagom enkelt och sm\u00e5l\u00e4ndskt jordn\u00e4ra p\u00e5 n\u00e5got s\u00e4tt. I slott och koja. &#8221;<\/em><br \/>\nDet \u00e4r det de svenska flaggorna runt om i v\u00e4rlden och de bl\u00e5gulf\u00e4rgade varuhusen ber\u00e4ttar.<br \/>\nVi har alla n\u00e5got att ber\u00e4tta om Ikea. P\u00e5 mina seminarier fr\u00e5gar jag ibland \u00e5h\u00f6rarna om de h\u00f6rt n\u00e5gon Kampradhistoria eller n\u00e5gon Ikeaber\u00e4ttelse. De flesta r\u00e4cker d\u00e5 ivrigt upp handen. Vi \u00e4r i praktiken alla gratisarbetande marknadsf\u00f6rare av Ikeakulturen eftersom vi gillar ber\u00e4ttelserna och vill ber\u00e4tta dem.<br \/>\nVill man p\u00e5verka snacket f\u00f6r man sk\u00f6rda och leverera ber\u00e4ttelser.<br \/>\nDen senaste Ikea-storyn jag h\u00f6rde var den h\u00e4r som jag h\u00f6rde h\u00e4romdagen:<br \/>\nEn mellanchef p\u00e5 ett Ikeavaruhus i Kanada hade hela tiden h\u00f6rt budskapet: <em>H\u00e4r fattar vi egna beslut och v\u00e5gar lita p\u00e5 v\u00e5rt omd\u00f6me<\/em>.<br \/>\nMellanchefen hade fattat ett eget beslut som visade sig olyckligt och som ledde till stora kostnader f\u00f6r Ikeavaruhuset.<br \/>\nHon blev f\u00f6rtvivlad och f\u00f6rstod att nu var hon k\u00f6rd. Hon skulle f\u00f6rst\u00e5s f\u00e5 sparken f\u00f6r sitt misstag.<br \/>\nHon var allts\u00e5 inte s\u00e4rskilt f\u00f6rv\u00e5nad n\u00e4r hon blev inkallad till varuhuschefen. Hon fick redog\u00f6ra f\u00f6r sin syn p\u00e5 det som h\u00e4nt. Varf\u00f6r hade hon gjort s\u00e5 h\u00e4r?<br \/>\nHon f\u00f6rklarade hur hon s\u00e5g p\u00e5 det och k\u00e4nde sig f\u00f6rst\u00e5s nedst\u00e4md n\u00e4r hon v\u00e4ntade p\u00e5 beskedet att hon skulle f\u00e5 g\u00e5 p\u00e5 grund av de kostnader hennes agerande hade \u00e5samkat Ikea.<br \/>\nMen s\u00e5 sa inte varuhuschefen. Utan:<br \/>\n<em>\u2013 H\u00e4r p\u00e5 Ikea f\u00e5r vi g\u00f6ra misstag. Det \u00e4r viktigt att vi agerar och \u00e4r proaktiva. Ibland blir det fel. Du f\u00e5r allts\u00e5 g\u00f6ra misstag. Men du f\u00e5r inte g\u00f6ra samma misstag tv\u00e5 g\u00e5nger.<\/em><br \/>\nHon fick  vara kvar och hon bands \u00e4n starkare till det f\u00f6retag som ville att m\u00e4nniskor ska agera och fatta sj\u00e4lvst\u00e4ndiga beslut utifr\u00e5n Ikeas v\u00e4rderingar.<br \/>\nJag vet inte om ber\u00e4ttesen \u00e4r sann, men jag tror det. Detta \u00e4r f\u00f6retagsfolklore, en r\u00e4tt typisk Ikeaber\u00e4ttelse som visar v\u00e4rderingar som man vill att vi ska associeras med Ikea.<\/p>\n","protected":false},"excerpt":{"rendered":"<p>I sommar till och med 30 augusti p\u00e5g\u00e5r en Ikea-utst\u00e4llning p\u00e5 Liljevalchs konsthall i Stockholm. \u00c5rtionde f\u00f6r \u00e5rtionde visas m\u00f6bler upp. F\u00f6rra \u00e5ret fyllde Ikea 50 och ber\u00e4ttelsen om Ikea \u00e4r samtidigt en ber\u00e4ttelse om hur det svenska folkhemmet efter andra v\u00e4rldskriget har m\u00f6blerats. Ikea har sedan burit tanken vidare ut \u00f6ver&#8230;<\/p>\n","protected":false},"author":2,"featured_media":0,"comment_status":"open","ping_status":"closed","sticky":false,"template":"","format":"standard","meta":[],"categories":[9],"tags":[],"_links":{"self":[{"href":"https:\/\/storytellers.se\/index.php?rest_route=\/wp\/v2\/posts\/2312"}],"collection":[{"href":"https:\/\/storytellers.se\/index.php?rest_route=\/wp\/v2\/posts"}],"about":[{"href":"https:\/\/storytellers.se\/index.php?rest_route=\/wp\/v2\/types\/post"}],"author":[{"embeddable":true,"href":"https:\/\/storytellers.se\/index.php?rest_route=\/wp\/v2\/users\/2"}],"replies":[{"embeddable":true,"href":"https:\/\/storytellers.se\/index.php?rest_route=%2Fwp%2Fv2%2Fcomments&post=2312"}],"version-history":[{"count":0,"href":"https:\/\/storytellers.se\/index.php?rest_route=\/wp\/v2\/posts\/2312\/revisions"}],"wp:attachment":[{"href":"https:\/\/storytellers.se\/index.php?rest_route=%2Fwp%2Fv2%2Fmedia&parent=2312"}],"wp:term":[{"taxonomy":"category","embeddable":true,"href":"https:\/\/storytellers.se\/index.php?rest_route=%2Fwp%2Fv2%2Fcategories&post=2312"},{"taxonomy":"post_tag","embeddable":true,"href":"https:\/\/storytellers.se\/index.php?rest_route=%2Fwp%2Fv2%2Ftags&post=2312"}],"curies":[{"name":"wp","href":"https:\/\/api.w.org\/{rel}","templated":true}]}}